{"id":69867,"date":"2025-07-04T09:23:07","date_gmt":"2025-07-04T12:23:07","guid":{"rendered":"https:\/\/www.paranapraia.com.br\/?p=69867"},"modified":"2025-07-04T09:23:09","modified_gmt":"2025-07-04T12:23:09","slug":"morretes-realiza-8a-conferencia-dos-direitos-da-pessoa-idosa-com-foco-na-equidade-cultura-e-participacao-social","status":"publish","type":"post","link":"https:\/\/www.paranapraia.com.br\/index.php\/2025\/07\/04\/morretes-realiza-8a-conferencia-dos-direitos-da-pessoa-idosa-com-foco-na-equidade-cultura-e-participacao-social\/","title":{"rendered":"Morretes realiza 8\u00aa Confer\u00eancia dos Direitos da Pessoa Idosa com foco na equidade, cultura e participa\u00e7\u00e3o social"},"content":{"rendered":"\n<p>No \u00faltimo dia 28 de junho, a Secretaria Municipal de Assist\u00eancia Social promoveu a 8\u00aa Confer\u00eancia dos Direitos da Pessoa Idosa de Morretes, reunindo mais de 70 participantes no audit\u00f3rio da pr\u00f3pria secretaria. O encontro teve como tema central\u00a0\u201cEnvelhecimento Multicultural e Democracia: Urg\u00eancia por Equidade, Direitos e Participa\u00e7\u00e3o\u201d, e trouxe importantes reflex\u00f5es sobre o papel do idoso em uma sociedade mais justa, inclusiva e participativa.<\/p>\n\n\n\n<p>A abertura do evento contou com uma emocionante apresenta\u00e7\u00e3o do\u00a0Coral Grupo Melhor Idade de Morretes, que encantou o p\u00fablico presente com m\u00fasicas que celebram a vida, a esperan\u00e7a e a valoriza\u00e7\u00e3o da terceira idade.<\/p>\n\n\n\n<p>Participaram da mesa de abertura autoridades municipais e representantes de diferentes segmentos sociais, entre eles o\u00a0Prefeito J\u00fanior Brindarolli, a\u00a0Secret\u00e1ria de Assist\u00eancia Social e presidente do Conselho Municipal dos Direitos da Pessoa Idosa, Maria Cristina Moraes da Costa Pinto, o\u00a0Presidente da C\u00e2mara Municipal de Morretes, Jo\u00e3o Peluso, o\u00a0Coordenador da Pol\u00edtica da Pessoa Idosa, Clodoaldo Tonetti, e a\u00a0representante do segmento da pessoa idosa, Sra. Maria Vict\u00f3ria da Cruz.<\/p>\n\n\n\n<p>A confer\u00eancia contou com uma palestra magna conduzida pela\u00a0assistente social Hallana Carvalho Pereira\u00a0e pela\u00a0psic\u00f3loga Rayza Tonetti, que trouxeram uma abordagem sens\u00edvel e cr\u00edtica sobre o envelhecimento multicultural, os desafios enfrentados pela popula\u00e7\u00e3o idosa e a import\u00e2ncia da participa\u00e7\u00e3o ativa dos idosos nas decis\u00f5es que impactam suas vidas.<\/p>\n\n\n\n<p>O evento foi marcado por\u00a0debates construtivos, escuta ativa e troca de experi\u00eancias, destacando a import\u00e2ncia de pol\u00edticas p\u00fablicas que assegurem os direitos da pessoa idosa com base na equidade e no respeito \u00e0 diversidade cultural.<\/p>\n\n\n\n<p>A realiza\u00e7\u00e3o da confer\u00eancia refor\u00e7a o compromisso da Prefeitura de Morretes com a promo\u00e7\u00e3o da cidadania e da dignidade para todas as idades, especialmente para os idosos, reconhecendo seu valor na constru\u00e7\u00e3o de uma sociedade mais democr\u00e1tica, humana e solid\u00e1ria.<\/p>\n\n\n\n<p>Prefeitura de Morretes<\/p>\n","protected":false},"excerpt":{"rendered":"<p>No \u00faltimo dia 28 de junho, a Secretaria Municipal de Assist\u00eancia Social promoveu a 8\u00aa Confer\u00eancia dos Direitos da Pessoa Idosa de Morretes, reunindo mais de 70 participantes no audit\u00f3rio da pr\u00f3pria secretaria. O encontro teve como tema central\u00a0\u201cEnvelhecimento Multicultural e Democracia: Urg\u00eancia por Equidade, Direitos e Participa\u00e7\u00e3o\u201d, e trouxe importantes reflex\u00f5es sobre o papel [&hellip;]<\/p>\n","protected":false},"author":2,"featured_media":69868,"comment_status":"open","ping_status":"open","sticky":false,"template":"","format":"standard","meta":{"advanced_seo_description":"","jetpack_seo_html_title":"","jetpack_seo_noindex":false,"_jetpack_memberships_contains_paid_content":false,"footnotes":""},"categories":[125],"tags":[],"class_list":{"0":"post-69867","1":"post","2":"type-post","3":"status-publish","4":"format-standard","5":"has-post-thumbnail","7":"category-morretes"},"jetpack_featured_media_url":"https:\/\/www.paranapraia.com.br\/wp-content\/uploads\/2025\/07\/img6635.jpg","jetpack_sharing_enabled":true,"_links":{"self":[{"href":"https:\/\/www.paranapraia.com.br\/index.php\/wp-json\/wp\/v2\/posts\/69867"}],"collection":[{"href":"https:\/\/www.paranapraia.com.br\/index.php\/wp-json\/wp\/v2\/posts"}],"about":[{"href":"https:\/\/www.paranapraia.com.br\/index.php\/wp-json\/wp\/v2\/types\/post"}],"author":[{"embeddable":true,"href":"https:\/\/www.paranapraia.com.br\/index.php\/wp-json\/wp\/v2\/users\/2"}],"replies":[{"embeddable":true,"href":"https:\/\/www.paranapraia.com.br\/index.php\/wp-json\/wp\/v2\/comments?post=69867"}],"version-history":[{"count":1,"href":"https:\/\/www.paranapraia.com.br\/index.php\/wp-json\/wp\/v2\/posts\/69867\/revisions"}],"predecessor-version":[{"id":69869,"href":"https:\/\/www.paranapraia.com.br\/index.php\/wp-json\/wp\/v2\/posts\/69867\/revisions\/69869"}],"wp:featuredmedia":[{"embeddable":true,"href":"https:\/\/www.paranapraia.com.br\/index.php\/wp-json\/wp\/v2\/media\/69868"}],"wp:attachment":[{"href":"https:\/\/www.paranapraia.com.br\/index.php\/wp-json\/wp\/v2\/media?parent=69867"}],"wp:term":[{"taxonomy":"category","embeddable":true,"href":"https:\/\/www.paranapraia.com.br\/index.php\/wp-json\/wp\/v2\/categories?post=69867"},{"taxonomy":"post_tag","embeddable":true,"href":"https:\/\/www.paranapraia.com.br\/index.php\/wp-json\/wp\/v2\/tags?post=69867"}],"curies":[{"name":"wp","href":"https:\/\/api.w.org\/{rel}","templated":true}]}}