{"id":69864,"date":"2025-07-04T09:18:12","date_gmt":"2025-07-04T12:18:12","guid":{"rendered":"https:\/\/www.paranapraia.com.br\/?p=69864"},"modified":"2025-07-04T09:18:14","modified_gmt":"2025-07-04T12:18:14","slug":"aula-inaugural-do-curso-gratuito-de-manutencao-eletrica-industrial-e-realizada-em-paranagua","status":"publish","type":"post","link":"https:\/\/www.paranapraia.com.br\/index.php\/2025\/07\/04\/aula-inaugural-do-curso-gratuito-de-manutencao-eletrica-industrial-e-realizada-em-paranagua\/","title":{"rendered":"Aula inaugural do curso gratuito de manuten\u00e7\u00e3o el\u00e9trica industrial \u00e9 realizada em Paranagu\u00e1"},"content":{"rendered":"\n<p>Nesta quarta-feira (02), a Prefeitura de Paranagu\u00e1, em parceria com o Governo do Estado do Paran\u00e1, Servi\u00e7o Nacional de Aprendizagem Industrial (Senai) e Sistema Nacional de Emprego (Sine),&nbsp; deu in\u00edcio ao curso gratuito de manuten\u00e7\u00e3o el\u00e9trica industrial, que integra o projeto Qualifica Paran\u00e1 2025. A aula inaugural contou com a presen\u00e7a do prefeito Adriano Ramos, da vice-prefeita Fabiana Parro, do secret\u00e1rio municipal do Trabalho Wagih Hammoud e outras autoridades.<\/p>\n\n\n\n<p>O curso \u00e9 ministrado na carreta do conhecimento \u2014 unidade m\u00f3vel do Senai \u2014 estacionada ao lado da Secretaria Municipal do Trabalho, Emprego e Assuntos Sindicais. A iniciativa tem como objetivo principal qualificar jovens para o mercado de trabalho, especialmente nas \u00e1reas de demanda crescente em Paranagu\u00e1. Ao todo, 36 alunos foram selecionados, divididos em duas turmas nos per\u00edodos da manh\u00e3 e da tarde.<\/p>\n\n\n\n<p>O prefeito Adriano Ramos destacou a import\u00e2ncia da parceria para ampliar oportunidades \u00e0 juventude. \u201cEssa capacita\u00e7\u00e3o \u00e9 essencial para que nossos jovens estejam preparados quando novas empresas se instalarem em Paranagu\u00e1. Mais de 180 pessoas se inscreveram para este curso, o que mostra o interesse da popula\u00e7\u00e3o em se qualificar\u201d, afirmou.<\/p>\n\n\n\n<p>A vice-prefeita Fabiana Parro refor\u00e7ou que a Prefeitura tem trabalhado para atrair novas empresas ao munic\u00edpio. \u201cPor isso, preparar a popula\u00e7\u00e3o com cursos de qualidade \u00e9 fundamental. Esse trabalho conjunto com o Governo do Estado e o Senai vai gerar mais empregos e crescimento\u201d, disse.<\/p>\n\n\n\n<p>Segundo o secret\u00e1rio Wagih Hammoud, o curso \u00e9 apenas o primeiro de uma s\u00e9rie de capacita\u00e7\u00f5es planejadas para 2025. \u201c\u00c9 uma forma de evitar que os jovens precisem sair da cidade para buscar emprego e tamb\u00e9m de atender \u00e0 demanda das empresas que, muitas vezes, acabam contratando m\u00e3o de obra de fora por falta de qualifica\u00e7\u00e3o local\u201d, explicou.<\/p>\n\n\n\n<p>A coordenadora de Educa\u00e7\u00e3o Profissional do Senai, Fernanda Silva Chianca Fernandes Souza, ressaltou que os alunos recebem uma bolsa de R$ 42 por dia de aula como incentivo para concluir o curso. \u201c\u00c9 uma grande oportunidade, principalmente considerando o perfil industrial e portu\u00e1rio de Paranagu\u00e1. A procura foi alta e as vagas se esgotaram rapidamente\u201d, afirmou.<\/p>\n\n\n\n<p>O assessor parlamentar Alysson Fernandes, que representou o deputado estadual Alisson Wandscheer, destacou o esfor\u00e7o conjunto para trazer a carreta do conhecimento \u00e0 cidade. \u201cVamos buscar mais quatro cursos at\u00e9 dezembro, com novos m\u00f3dulos para ampliar as oportunidades para os jovens de Paranagu\u00e1\u201d, disse.<\/p>\n\n\n\n<p>O curso de manuten\u00e7\u00e3o el\u00e9trica industrial integra o Projeto Qualifica Paran\u00e1 2025, promovido pelo Governo do Estado por meio da Secretaria de Trabalho, Qualifica\u00e7\u00e3o e Renda (SETR\/PR). A forma\u00e7\u00e3o tem carga hor\u00e1ria de 96 horas, incluindo m\u00f3dulos sobre o mercado de trabalho, curr\u00edculo, empreendedorismo e processos seletivos. O subs\u00eddio total pode chegar a R$ 1.008, considerando o apoio de R$ 42 por dia de aula.<\/p>\n\n\n\n<p>Novos cursos ser\u00e3o divulgados nas redes da Ag\u00eancia do Trabalhador de Paranagu\u00e1 e do Senai.<\/p>\n\n\n\n<p>Prefeitura de Paranagu\u00e1<\/p>\n","protected":false},"excerpt":{"rendered":"<p>Nesta quarta-feira (02), a Prefeitura de Paranagu\u00e1, em parceria com o Governo do Estado do Paran\u00e1, Servi\u00e7o Nacional de Aprendizagem Industrial (Senai) e Sistema Nacional de Emprego (Sine),&nbsp; deu in\u00edcio ao curso gratuito de manuten\u00e7\u00e3o el\u00e9trica industrial, que integra o projeto Qualifica Paran\u00e1 2025. A aula inaugural contou com a presen\u00e7a do prefeito Adriano Ramos, [&hellip;]<\/p>\n","protected":false},"author":2,"featured_media":69865,"comment_status":"open","ping_status":"open","sticky":false,"template":"","format":"standard","meta":{"advanced_seo_description":"","jetpack_seo_html_title":"","jetpack_seo_noindex":false,"_jetpack_memberships_contains_paid_content":false,"footnotes":""},"categories":[77],"tags":[],"class_list":{"0":"post-69864","1":"post","2":"type-post","3":"status-publish","4":"format-standard","5":"has-post-thumbnail","7":"category-paranagua"},"jetpack_featured_media_url":"https:\/\/www.paranapraia.com.br\/wp-content\/uploads\/2025\/07\/thumb-10.jpeg","jetpack_sharing_enabled":true,"_links":{"self":[{"href":"https:\/\/www.paranapraia.com.br\/index.php\/wp-json\/wp\/v2\/posts\/69864"}],"collection":[{"href":"https:\/\/www.paranapraia.com.br\/index.php\/wp-json\/wp\/v2\/posts"}],"about":[{"href":"https:\/\/www.paranapraia.com.br\/index.php\/wp-json\/wp\/v2\/types\/post"}],"author":[{"embeddable":true,"href":"https:\/\/www.paranapraia.com.br\/index.php\/wp-json\/wp\/v2\/users\/2"}],"replies":[{"embeddable":true,"href":"https:\/\/www.paranapraia.com.br\/index.php\/wp-json\/wp\/v2\/comments?post=69864"}],"version-history":[{"count":1,"href":"https:\/\/www.paranapraia.com.br\/index.php\/wp-json\/wp\/v2\/posts\/69864\/revisions"}],"predecessor-version":[{"id":69866,"href":"https:\/\/www.paranapraia.com.br\/index.php\/wp-json\/wp\/v2\/posts\/69864\/revisions\/69866"}],"wp:featuredmedia":[{"embeddable":true,"href":"https:\/\/www.paranapraia.com.br\/index.php\/wp-json\/wp\/v2\/media\/69865"}],"wp:attachment":[{"href":"https:\/\/www.paranapraia.com.br\/index.php\/wp-json\/wp\/v2\/media?parent=69864"}],"wp:term":[{"taxonomy":"category","embeddable":true,"href":"https:\/\/www.paranapraia.com.br\/index.php\/wp-json\/wp\/v2\/categories?post=69864"},{"taxonomy":"post_tag","embeddable":true,"href":"https:\/\/www.paranapraia.com.br\/index.php\/wp-json\/wp\/v2\/tags?post=69864"}],"curies":[{"name":"wp","href":"https:\/\/api.w.org\/{rel}","templated":true}]}}