{"id":69861,"date":"2025-07-04T09:14:24","date_gmt":"2025-07-04T12:14:24","guid":{"rendered":"https:\/\/www.paranapraia.com.br\/?p=69861"},"modified":"2025-07-04T09:14:27","modified_gmt":"2025-07-04T12:14:27","slug":"paranagua-obras-na-descida-da-catedral-devem-ser-concluidas-nos-proximos-dias","status":"publish","type":"post","link":"https:\/\/www.paranapraia.com.br\/index.php\/2025\/07\/04\/paranagua-obras-na-descida-da-catedral-devem-ser-concluidas-nos-proximos-dias\/","title":{"rendered":"Paranagu\u00e1: Obras na descida da Catedral devem ser conclu\u00eddas nos pr\u00f3ximos dias"},"content":{"rendered":"\n<p>A Prefeitura Municipal de Paranagu\u00e1, por meio da Secretaria Municipal de Obras P\u00fablicas (Semop), est\u00e1 concluindo nesta semana os servi\u00e7os de recupera\u00e7\u00e3o do pavimento em paralelep\u00edpedo na Rua Jo\u00e3o R\u00e9gis, mais conhecida como a descida da Catedral. A obra tem como objetivo corrigir ondula\u00e7\u00f5es e irregularidades que comprometiam a mobilidade urbana na via, localizada em uma das \u00e1reas mais movimentadas e tur\u00edsticas do centro hist\u00f3rico.<\/p>\n\n\n\n<p>Durante a interven\u00e7\u00e3o, os paralelep\u00edpedos foram retirados e recolocados com novo nivelamento do solo, proporcionando mais seguran\u00e7a para motoristas e pedestres. De acordo com o secret\u00e1rio Ozeias Rebello, os trabalhos avan\u00e7aram dentro do cronograma, mesmo com os desafios causados pelas chuvas e pelas tubula\u00e7\u00f5es subterr\u00e2neas, que estavam bastante deterioradas.<\/p>\n\n\n\n<p>&#8220;A gente entende o transtorno moment\u00e2neo que a obra possa ter causado, e pedimos desculpas \u00e0 popula\u00e7\u00e3o. Mas todo o esfor\u00e7o foi feito para garantir melhorias permanentes na qualidade de vida de quem vive e transita pelo centro hist\u00f3rico&#8221;, destacou o secret\u00e1rio.<\/p>\n\n\n\n<p>A normaliza\u00e7\u00e3o total do tr\u00e2nsito na regi\u00e3o est\u00e1 prevista para o in\u00edcio da pr\u00f3xima semana, a tempo das festividades em comemora\u00e7\u00e3o ao anivers\u00e1rio da cidade. A obra refor\u00e7a o compromisso da atual gest\u00e3o com a preserva\u00e7\u00e3o do patrim\u00f4nio urbano e a valoriza\u00e7\u00e3o dos espa\u00e7os hist\u00f3ricos de Paranagu\u00e1.<\/p>\n\n\n\n<p>Prefeitura de Paranagu\u00e1<\/p>\n","protected":false},"excerpt":{"rendered":"<p>A Prefeitura Municipal de Paranagu\u00e1, por meio da Secretaria Municipal de Obras P\u00fablicas (Semop), est\u00e1 concluindo nesta semana os servi\u00e7os de recupera\u00e7\u00e3o do pavimento em paralelep\u00edpedo na Rua Jo\u00e3o R\u00e9gis, mais conhecida como a descida da Catedral. A obra tem como objetivo corrigir ondula\u00e7\u00f5es e irregularidades que comprometiam a mobilidade urbana na via, localizada em [&hellip;]<\/p>\n","protected":false},"author":2,"featured_media":69862,"comment_status":"open","ping_status":"open","sticky":false,"template":"","format":"standard","meta":{"advanced_seo_description":"","jetpack_seo_html_title":"","jetpack_seo_noindex":false,"_jetpack_memberships_contains_paid_content":false,"footnotes":""},"categories":[77],"tags":[],"class_list":{"0":"post-69861","1":"post","2":"type-post","3":"status-publish","4":"format-standard","5":"has-post-thumbnail","7":"category-paranagua"},"jetpack_featured_media_url":"https:\/\/www.paranapraia.com.br\/wp-content\/uploads\/2025\/07\/thumb-9.jpeg","jetpack_sharing_enabled":true,"_links":{"self":[{"href":"https:\/\/www.paranapraia.com.br\/index.php\/wp-json\/wp\/v2\/posts\/69861"}],"collection":[{"href":"https:\/\/www.paranapraia.com.br\/index.php\/wp-json\/wp\/v2\/posts"}],"about":[{"href":"https:\/\/www.paranapraia.com.br\/index.php\/wp-json\/wp\/v2\/types\/post"}],"author":[{"embeddable":true,"href":"https:\/\/www.paranapraia.com.br\/index.php\/wp-json\/wp\/v2\/users\/2"}],"replies":[{"embeddable":true,"href":"https:\/\/www.paranapraia.com.br\/index.php\/wp-json\/wp\/v2\/comments?post=69861"}],"version-history":[{"count":1,"href":"https:\/\/www.paranapraia.com.br\/index.php\/wp-json\/wp\/v2\/posts\/69861\/revisions"}],"predecessor-version":[{"id":69863,"href":"https:\/\/www.paranapraia.com.br\/index.php\/wp-json\/wp\/v2\/posts\/69861\/revisions\/69863"}],"wp:featuredmedia":[{"embeddable":true,"href":"https:\/\/www.paranapraia.com.br\/index.php\/wp-json\/wp\/v2\/media\/69862"}],"wp:attachment":[{"href":"https:\/\/www.paranapraia.com.br\/index.php\/wp-json\/wp\/v2\/media?parent=69861"}],"wp:term":[{"taxonomy":"category","embeddable":true,"href":"https:\/\/www.paranapraia.com.br\/index.php\/wp-json\/wp\/v2\/categories?post=69861"},{"taxonomy":"post_tag","embeddable":true,"href":"https:\/\/www.paranapraia.com.br\/index.php\/wp-json\/wp\/v2\/tags?post=69861"}],"curies":[{"name":"wp","href":"https:\/\/api.w.org\/{rel}","templated":true}]}}