{"id":69855,"date":"2025-07-04T09:08:01","date_gmt":"2025-07-04T12:08:01","guid":{"rendered":"https:\/\/www.paranapraia.com.br\/?p=69855"},"modified":"2025-07-04T09:08:04","modified_gmt":"2025-07-04T12:08:04","slug":"sala-do-empreendedor-promoveu-palestra-para-alavancar-vendas-de-inverno-em-guaratuba","status":"publish","type":"post","link":"https:\/\/www.paranapraia.com.br\/index.php\/2025\/07\/04\/sala-do-empreendedor-promoveu-palestra-para-alavancar-vendas-de-inverno-em-guaratuba\/","title":{"rendered":"Sala do Empreendedor promoveu palestra para alavancar vendas de inverno em Guaratuba"},"content":{"rendered":"\n<p>Na quarta-feira (2), a Sala do Empreendedor de Guaratuba realizou mais uma a\u00e7\u00e3o da Trilha do MEI, com a palestra \u201cVendas de Inverno\u201d, voltada a microempreendedores individuais. O evento aconteceu no audit\u00f3rio da Prefeitura e reuniu participantes em busca de estrat\u00e9gias para aumentar as vendas na esta\u00e7\u00e3o.<\/p>\n\n\n\n<p>Durante a palestra, foram discutidos aspectos do mercado, como o comportamento dos clientes, <a><\/a>concorr\u00eancia e fornecedores, al\u00e9m de conceitos de marketing e a diferen\u00e7a entre desejos e necessidades do consumidor.<\/p>\n\n\n\n<p>O destaque foi o planejamento de vendas e a defini\u00e7\u00e3o de metas para impulsionar os neg\u00f3cios. A a\u00e7\u00e3o integra os esfor\u00e7os da Sala do Empreendedor para fortalecer o empreendedorismo local.<\/p>\n\n\n\n<p>Prefeitura de Guaratuba<\/p>\n","protected":false},"excerpt":{"rendered":"<p>Na quarta-feira (2), a Sala do Empreendedor de Guaratuba realizou mais uma a\u00e7\u00e3o da Trilha do MEI, com a palestra \u201cVendas de Inverno\u201d, voltada a microempreendedores individuais. O evento aconteceu no audit\u00f3rio da Prefeitura e reuniu participantes em busca de estrat\u00e9gias para aumentar as vendas na esta\u00e7\u00e3o. Durante a palestra, foram discutidos aspectos do mercado, [&hellip;]<\/p>\n","protected":false},"author":2,"featured_media":69856,"comment_status":"open","ping_status":"open","sticky":false,"template":"","format":"standard","meta":{"advanced_seo_description":"","jetpack_seo_html_title":"","jetpack_seo_noindex":false,"_jetpack_memberships_contains_paid_content":false,"footnotes":""},"categories":[99],"tags":[],"class_list":{"0":"post-69855","1":"post","2":"type-post","3":"status-publish","4":"format-standard","5":"has-post-thumbnail","7":"category-guaratuba"},"jetpack_featured_media_url":"https:\/\/www.paranapraia.com.br\/wp-content\/uploads\/2025\/07\/515436800_1144526187708559_1187439505628672685_n.jpg","jetpack_sharing_enabled":true,"_links":{"self":[{"href":"https:\/\/www.paranapraia.com.br\/index.php\/wp-json\/wp\/v2\/posts\/69855"}],"collection":[{"href":"https:\/\/www.paranapraia.com.br\/index.php\/wp-json\/wp\/v2\/posts"}],"about":[{"href":"https:\/\/www.paranapraia.com.br\/index.php\/wp-json\/wp\/v2\/types\/post"}],"author":[{"embeddable":true,"href":"https:\/\/www.paranapraia.com.br\/index.php\/wp-json\/wp\/v2\/users\/2"}],"replies":[{"embeddable":true,"href":"https:\/\/www.paranapraia.com.br\/index.php\/wp-json\/wp\/v2\/comments?post=69855"}],"version-history":[{"count":1,"href":"https:\/\/www.paranapraia.com.br\/index.php\/wp-json\/wp\/v2\/posts\/69855\/revisions"}],"predecessor-version":[{"id":69857,"href":"https:\/\/www.paranapraia.com.br\/index.php\/wp-json\/wp\/v2\/posts\/69855\/revisions\/69857"}],"wp:featuredmedia":[{"embeddable":true,"href":"https:\/\/www.paranapraia.com.br\/index.php\/wp-json\/wp\/v2\/media\/69856"}],"wp:attachment":[{"href":"https:\/\/www.paranapraia.com.br\/index.php\/wp-json\/wp\/v2\/media?parent=69855"}],"wp:term":[{"taxonomy":"category","embeddable":true,"href":"https:\/\/www.paranapraia.com.br\/index.php\/wp-json\/wp\/v2\/categories?post=69855"},{"taxonomy":"post_tag","embeddable":true,"href":"https:\/\/www.paranapraia.com.br\/index.php\/wp-json\/wp\/v2\/tags?post=69855"}],"curies":[{"name":"wp","href":"https:\/\/api.w.org\/{rel}","templated":true}]}}