{"id":69852,"date":"2025-07-04T08:58:11","date_gmt":"2025-07-04T11:58:11","guid":{"rendered":"https:\/\/www.paranapraia.com.br\/?p=69852"},"modified":"2025-07-04T08:58:14","modified_gmt":"2025-07-04T11:58:14","slug":"10a-igreja-do-evangelho-quadrangular-realiza-evento-solidario-neste-sabado05-em-paranagua","status":"publish","type":"post","link":"https:\/\/www.paranapraia.com.br\/index.php\/2025\/07\/04\/10a-igreja-do-evangelho-quadrangular-realiza-evento-solidario-neste-sabado05-em-paranagua\/","title":{"rendered":"10\u00aa Igreja do Evangelho Quadrangular realiza evento solid\u00e1rio neste s\u00e1bado(05) em Paranagu\u00e1"},"content":{"rendered":"\n<p>Atrav\u00e9s do projeto Martas &amp; Marias, a 10\u00aa Igreja do Evangelho Quadrangular, da Vila Paranagu\u00e1, realiza neste s\u00e1bado (05), um evento solid\u00e1rio no Terminal Urbano, das 14h \u00e0s 18h.<\/p>\n\n\n\n<p>Durante o evento, os organizadores atender\u00e3o as pessoas em situa\u00e7\u00e3o de vulnerabilidade social com varal solid\u00e1rio, cortes de cabelo (feminino e masculino), orienta\u00e7\u00e3o jur\u00eddica, orienta\u00e7\u00e3o de higiene bucal e conta\u00e7\u00e3o de hist\u00f3rias para crian\u00e7as.<\/p>\n\n\n\n<p>\u201cEntregaremos alimenta\u00e7\u00e3o para as pessoas em vulnerabilidade na regi\u00e3o da pra\u00e7a de eventos, e muitas atividades nesta tarde, levando tamb\u00e9m uma palavra de amor e de f\u00e9 para estes cidad\u00e3os\u201d, explica o pastor Rog\u00e9rio Palma.<\/p>\n\n\n\n<p>A Prefeitura de Paranagu\u00e1, atrav\u00e9s das Secretarias Municipais de Cultura (Secultur) e da Mulher (Semu) apoia o evento.<\/p>\n\n\n\n<p>O secret\u00e1rio Ivan Lapolli Filho, destaca que, \u201crealizar este evento beneficente \u00e9 uma bela forma de ajudar quem precisa, al\u00e9m de levar uma palavra acolhedora para quem precisa\u201d.<\/p>\n\n\n\n<p>Prefeitura de Paranagu\u00e1<\/p>\n","protected":false},"excerpt":{"rendered":"<p>Atrav\u00e9s do projeto Martas &amp; Marias, a 10\u00aa Igreja do Evangelho Quadrangular, da Vila Paranagu\u00e1, realiza neste s\u00e1bado (05), um evento solid\u00e1rio no Terminal Urbano, das 14h \u00e0s 18h. Durante o evento, os organizadores atender\u00e3o as pessoas em situa\u00e7\u00e3o de vulnerabilidade social com varal solid\u00e1rio, cortes de cabelo (feminino e masculino), orienta\u00e7\u00e3o jur\u00eddica, orienta\u00e7\u00e3o de [&hellip;]<\/p>\n","protected":false},"author":2,"featured_media":69853,"comment_status":"open","ping_status":"open","sticky":false,"template":"","format":"standard","meta":{"advanced_seo_description":"","jetpack_seo_html_title":"","jetpack_seo_noindex":false,"_jetpack_memberships_contains_paid_content":false,"footnotes":""},"categories":[77],"tags":[],"class_list":{"0":"post-69852","1":"post","2":"type-post","3":"status-publish","4":"format-standard","5":"has-post-thumbnail","7":"category-paranagua"},"jetpack_featured_media_url":"https:\/\/www.paranapraia.com.br\/wp-content\/uploads\/2025\/07\/16792.jpg","jetpack_sharing_enabled":true,"_links":{"self":[{"href":"https:\/\/www.paranapraia.com.br\/index.php\/wp-json\/wp\/v2\/posts\/69852"}],"collection":[{"href":"https:\/\/www.paranapraia.com.br\/index.php\/wp-json\/wp\/v2\/posts"}],"about":[{"href":"https:\/\/www.paranapraia.com.br\/index.php\/wp-json\/wp\/v2\/types\/post"}],"author":[{"embeddable":true,"href":"https:\/\/www.paranapraia.com.br\/index.php\/wp-json\/wp\/v2\/users\/2"}],"replies":[{"embeddable":true,"href":"https:\/\/www.paranapraia.com.br\/index.php\/wp-json\/wp\/v2\/comments?post=69852"}],"version-history":[{"count":1,"href":"https:\/\/www.paranapraia.com.br\/index.php\/wp-json\/wp\/v2\/posts\/69852\/revisions"}],"predecessor-version":[{"id":69854,"href":"https:\/\/www.paranapraia.com.br\/index.php\/wp-json\/wp\/v2\/posts\/69852\/revisions\/69854"}],"wp:featuredmedia":[{"embeddable":true,"href":"https:\/\/www.paranapraia.com.br\/index.php\/wp-json\/wp\/v2\/media\/69853"}],"wp:attachment":[{"href":"https:\/\/www.paranapraia.com.br\/index.php\/wp-json\/wp\/v2\/media?parent=69852"}],"wp:term":[{"taxonomy":"category","embeddable":true,"href":"https:\/\/www.paranapraia.com.br\/index.php\/wp-json\/wp\/v2\/categories?post=69852"},{"taxonomy":"post_tag","embeddable":true,"href":"https:\/\/www.paranapraia.com.br\/index.php\/wp-json\/wp\/v2\/tags?post=69852"}],"curies":[{"name":"wp","href":"https:\/\/api.w.org\/{rel}","templated":true}]}}