{"id":69849,"date":"2025-07-03T20:55:50","date_gmt":"2025-07-03T23:55:50","guid":{"rendered":"https:\/\/www.paranapraia.com.br\/?p=69849"},"modified":"2025-07-03T20:55:52","modified_gmt":"2025-07-03T23:55:52","slug":"eja-realiza-formatura-e-celebra-diversidade-com-primeira-aluna-indigena-formada-em-paranagua","status":"publish","type":"post","link":"https:\/\/www.paranapraia.com.br\/index.php\/2025\/07\/03\/eja-realiza-formatura-e-celebra-diversidade-com-primeira-aluna-indigena-formada-em-paranagua\/","title":{"rendered":"EJA realiza formatura e celebra diversidade com primeira aluna ind\u00edgena formada em Paranagu\u00e1"},"content":{"rendered":"\n<p>A formatura da Educa\u00e7\u00e3o de Jovens e Adultos (EJA) \u2013 Fase I foi um verdadeiro momento de emo\u00e7\u00e3o e orgulho para toda a comunidade escolar. Realizada na noite desta quarta-feira (02), no audit\u00f3rio da Biblioteca Le\u00f4ncio Correia, a cerim\u00f4nia reuniu estudantes, familiares, professores e autoridades em uma celebra\u00e7\u00e3o marcada por hist\u00f3rias de supera\u00e7\u00e3o e conquistas.<\/p>\n\n\n\n<p>O grande destaque da noite foi a formatura de Ivaneide Par\u00e1 Benite, da Escola Pindoty, localizada na Ilha da Cotinga. Ela \u00e9 a primeira aluna ind\u00edgena a concluir a Fase I da EJA no munic\u00edpio, representando um marco hist\u00f3rico para a educa\u00e7\u00e3o inclusiva e para o respeito \u00e0 diversidade cultural dentro da rede municipal.<\/p>\n\n\n\n<p>Ao lado de Ivaneide, outros 11 formandos tamb\u00e9m conclu\u00edram essa importante etapa do ensino fundamental, provando que nunca \u00e9 tarde para recome\u00e7ar e seguir aprendendo. Cada nome chamado foi seguido por aplausos carregados de significado, reconhecimento e emo\u00e7\u00e3o.<\/p>\n\n\n\n<p>A cerim\u00f4nia contou com a presen\u00e7a de representantes da Secretaria Municipal de Educa\u00e7\u00e3o e Ensino Integral (Semedi) como a diretora da Escola Polo Edite Lobo, Edimar Pereira Neves; a supervisora especial em Gest\u00e3o Pedag\u00f3gica I, Ziuz\u00e2nia B. dos Santos; a chefe da EJA, Nirlene Samorano Pires e o vereador Eduardo de Oliveira (Edu).<\/p>\n\n\n\n<p>Formandos: Anna J\u00falia Morais Tomaz, Ivaneide Par\u00e1 Benite, Lucimar Din\u00e1 do Ros\u00e1rio, Lauriane de Ramos Manso, Thiago Davi Ribeiro da Silva, Silmara de Jesus do Nascimento, Cremilda da Concei\u00e7\u00e3o Silva, Jeane Fermino da Silva, Leni Pereira de Menezes, Marli de Souza Gomes, Henry Rodrigues Aguial e Noemi Gon\u00e7alves de Fran\u00e7a.<\/p>\n\n\n\n<p>Foto: Semedi<\/p>\n\n\n\n<p>Prefeitura de Paranagu\u00e1 <\/p>\n","protected":false},"excerpt":{"rendered":"<p>A formatura da Educa\u00e7\u00e3o de Jovens e Adultos (EJA) \u2013 Fase I foi um verdadeiro momento de emo\u00e7\u00e3o e orgulho para toda a comunidade escolar. Realizada na noite desta quarta-feira (02), no audit\u00f3rio da Biblioteca Le\u00f4ncio Correia, a cerim\u00f4nia reuniu estudantes, familiares, professores e autoridades em uma celebra\u00e7\u00e3o marcada por hist\u00f3rias de supera\u00e7\u00e3o e conquistas. [&hellip;]<\/p>\n","protected":false},"author":2,"featured_media":69850,"comment_status":"open","ping_status":"open","sticky":false,"template":"","format":"standard","meta":{"advanced_seo_description":"","jetpack_seo_html_title":"","jetpack_seo_noindex":false,"_jetpack_memberships_contains_paid_content":false,"footnotes":""},"categories":[77],"tags":[],"class_list":{"0":"post-69849","1":"post","2":"type-post","3":"status-publish","4":"format-standard","5":"has-post-thumbnail","7":"category-paranagua"},"jetpack_featured_media_url":"https:\/\/www.paranapraia.com.br\/wp-content\/uploads\/2025\/07\/thumb-8.jpeg","jetpack_sharing_enabled":true,"_links":{"self":[{"href":"https:\/\/www.paranapraia.com.br\/index.php\/wp-json\/wp\/v2\/posts\/69849"}],"collection":[{"href":"https:\/\/www.paranapraia.com.br\/index.php\/wp-json\/wp\/v2\/posts"}],"about":[{"href":"https:\/\/www.paranapraia.com.br\/index.php\/wp-json\/wp\/v2\/types\/post"}],"author":[{"embeddable":true,"href":"https:\/\/www.paranapraia.com.br\/index.php\/wp-json\/wp\/v2\/users\/2"}],"replies":[{"embeddable":true,"href":"https:\/\/www.paranapraia.com.br\/index.php\/wp-json\/wp\/v2\/comments?post=69849"}],"version-history":[{"count":1,"href":"https:\/\/www.paranapraia.com.br\/index.php\/wp-json\/wp\/v2\/posts\/69849\/revisions"}],"predecessor-version":[{"id":69851,"href":"https:\/\/www.paranapraia.com.br\/index.php\/wp-json\/wp\/v2\/posts\/69849\/revisions\/69851"}],"wp:featuredmedia":[{"embeddable":true,"href":"https:\/\/www.paranapraia.com.br\/index.php\/wp-json\/wp\/v2\/media\/69850"}],"wp:attachment":[{"href":"https:\/\/www.paranapraia.com.br\/index.php\/wp-json\/wp\/v2\/media?parent=69849"}],"wp:term":[{"taxonomy":"category","embeddable":true,"href":"https:\/\/www.paranapraia.com.br\/index.php\/wp-json\/wp\/v2\/categories?post=69849"},{"taxonomy":"post_tag","embeddable":true,"href":"https:\/\/www.paranapraia.com.br\/index.php\/wp-json\/wp\/v2\/tags?post=69849"}],"curies":[{"name":"wp","href":"https:\/\/api.w.org\/{rel}","templated":true}]}}