{"id":69843,"date":"2025-07-03T19:44:41","date_gmt":"2025-07-03T22:44:41","guid":{"rendered":"https:\/\/www.paranapraia.com.br\/?p=69843"},"modified":"2025-07-03T19:47:18","modified_gmt":"2025-07-03T22:47:18","slug":"vereador-marcelo-peke-acompanha-situacao-na-travessa-getulinho-e-anuncia-forca-tarefa-para-desobstrucao-da-rede","status":"publish","type":"post","link":"https:\/\/www.paranapraia.com.br\/index.php\/2025\/07\/03\/vereador-marcelo-peke-acompanha-situacao-na-travessa-getulinho-e-anuncia-forca-tarefa-para-desobstrucao-da-rede\/","title":{"rendered":"Vereador Marcelo Peke acompanha situa\u00e7\u00e3o na Travessa Getulinho e anuncia for\u00e7a-tarefa para desobstru\u00e7\u00e3o da rede"},"content":{"rendered":"\n<p>Na tarde desta quinta-feira, o vereador Marcelo Peke &#8220;Bocudo&#8221;, esteve na Travessa Getulinho, acompanhando de perto as dificuldades enfrentadas pelos moradores devido ao entupimento da rede pluvial, que, de forma irregular, tamb\u00e9m recebe o esgoto da regi\u00e3o.<\/p>\n\n\n\n<p>\u201c\u00c9 uma situa\u00e7\u00e3o complicada, que afeta diretamente a qualidade de vida das fam\u00edlias. O entupimento est\u00e1 causando transtornos, e a popula\u00e7\u00e3o merece uma solu\u00e7\u00e3o definitiva\u201d, afirmou o vereador.<\/p>\n\n\n\n<p>Atento \u00e0s demandas da comunidade, Marcelo Peke informou que j\u00e1 articulou junto \u00e0 equipe de Drenagem do munic\u00edpio o envio de um caminh\u00e3o de hidrojato (Hidro V\u00e1cuo) para o local. O equipamento ser\u00e1 utilizado em uma for\u00e7a-tarefa prevista para esta quarta-feira, com o objetivo de realizar a desobstru\u00e7\u00e3o completa da rede.<\/p>\n\n\n\n<p>O vereador destacou que continuar\u00e1 acompanhando de perto o caso, cobrando as provid\u00eancias necess\u00e1rias para que o problema n\u00e3o volte a se repetir. \u201cEstamos aqui para trabalhar junto com o povo e buscar solu\u00e7\u00f5es. A Travessa Getulinho pode contar com o nosso apoio\u201d, concluiu.<\/p>\n\n\n\n<p>Assessoria<\/p>\n","protected":false},"excerpt":{"rendered":"<p>Na tarde desta quinta-feira, o vereador Marcelo Peke &#8220;Bocudo&#8221;, esteve na Travessa Getulinho, acompanhando de perto as dificuldades enfrentadas pelos moradores devido ao entupimento da rede pluvial, que, de forma irregular, tamb\u00e9m recebe o esgoto da regi\u00e3o. \u201c\u00c9 uma situa\u00e7\u00e3o complicada, que afeta diretamente a qualidade de vida das fam\u00edlias. O entupimento est\u00e1 causando transtornos, [&hellip;]<\/p>\n","protected":false},"author":2,"featured_media":69844,"comment_status":"open","ping_status":"open","sticky":false,"template":"","format":"standard","meta":{"advanced_seo_description":"","jetpack_seo_html_title":"","jetpack_seo_noindex":false,"_jetpack_memberships_contains_paid_content":false,"footnotes":""},"categories":[77],"tags":[321],"class_list":{"0":"post-69843","1":"post","2":"type-post","3":"status-publish","4":"format-standard","5":"has-post-thumbnail","7":"category-paranagua","8":"tag-paranagua"},"jetpack_featured_media_url":"https:\/\/www.paranapraia.com.br\/wp-content\/uploads\/2025\/07\/Design-sem-nome_20250703_194221_0000.png","jetpack_sharing_enabled":true,"_links":{"self":[{"href":"https:\/\/www.paranapraia.com.br\/index.php\/wp-json\/wp\/v2\/posts\/69843"}],"collection":[{"href":"https:\/\/www.paranapraia.com.br\/index.php\/wp-json\/wp\/v2\/posts"}],"about":[{"href":"https:\/\/www.paranapraia.com.br\/index.php\/wp-json\/wp\/v2\/types\/post"}],"author":[{"embeddable":true,"href":"https:\/\/www.paranapraia.com.br\/index.php\/wp-json\/wp\/v2\/users\/2"}],"replies":[{"embeddable":true,"href":"https:\/\/www.paranapraia.com.br\/index.php\/wp-json\/wp\/v2\/comments?post=69843"}],"version-history":[{"count":4,"href":"https:\/\/www.paranapraia.com.br\/index.php\/wp-json\/wp\/v2\/posts\/69843\/revisions"}],"predecessor-version":[{"id":69848,"href":"https:\/\/www.paranapraia.com.br\/index.php\/wp-json\/wp\/v2\/posts\/69843\/revisions\/69848"}],"wp:featuredmedia":[{"embeddable":true,"href":"https:\/\/www.paranapraia.com.br\/index.php\/wp-json\/wp\/v2\/media\/69844"}],"wp:attachment":[{"href":"https:\/\/www.paranapraia.com.br\/index.php\/wp-json\/wp\/v2\/media?parent=69843"}],"wp:term":[{"taxonomy":"category","embeddable":true,"href":"https:\/\/www.paranapraia.com.br\/index.php\/wp-json\/wp\/v2\/categories?post=69843"},{"taxonomy":"post_tag","embeddable":true,"href":"https:\/\/www.paranapraia.com.br\/index.php\/wp-json\/wp\/v2\/tags?post=69843"}],"curies":[{"name":"wp","href":"https:\/\/api.w.org\/{rel}","templated":true}]}}