{"id":69837,"date":"2025-07-03T15:58:57","date_gmt":"2025-07-03T18:58:57","guid":{"rendered":"https:\/\/www.paranapraia.com.br\/?p=69837"},"modified":"2025-07-03T15:59:00","modified_gmt":"2025-07-03T18:59:00","slug":"sancionada-lei-que-permite-retorno-voluntario-de-militares-inativos-da-pm-e-dos-bombeiros","status":"publish","type":"post","link":"https:\/\/www.paranapraia.com.br\/index.php\/2025\/07\/03\/sancionada-lei-que-permite-retorno-voluntario-de-militares-inativos-da-pm-e-dos-bombeiros\/","title":{"rendered":"Sancionada lei que permite retorno volunt\u00e1rio de militares inativos da PM e dos Bombeiros"},"content":{"rendered":"\n<p>O governador em exerc\u00edcio Darci Piana sancionou nesta quinta-feira (3) a lei (\u00a022.509\/2025\u00a0) que permite o retorno de policiais e bombeiros militares da reserva remunerada \u00e0 ativa, de forma volunt\u00e1ria. A medida busca refor\u00e7ar o trabalho das corpora\u00e7\u00f5es com profissionais experientes e j\u00e1 formados, aproveitando o conhecimento acumulado dos servidores. A proposta foi aprovada pela Assembleia Legislativa na ter\u00e7a-feira (1\u00ba).<\/p>\n\n\n\n<p>Poder\u00e3o ser chamados militares estaduais que se aposentaram com remunera\u00e7\u00e3o integral, seja por tempo de servi\u00e7o ou por idade. O retorno ter\u00e1 dura\u00e7\u00e3o de at\u00e9 36 meses, com possibilidade de prorroga\u00e7\u00e3o por mais tr\u00eas anos.<\/p>\n\n\n\n<p>A designa\u00e7\u00e3o dos militares ser\u00e1 feita por ato do comandante-geral da Pol\u00edcia Militar ou do Corpo de Bombeiros, com base no interesse p\u00fablico e desde que respeitados alguns crit\u00e9rios, como disponibilidade or\u00e7ament\u00e1ria, aptid\u00e3o f\u00edsica e mental, e a manifesta\u00e7\u00e3o expressa de vontade do militar.<\/p>\n\n\n\n<p>A nova lei estabelece, tamb\u00e9m, que n\u00e3o podem retornar \u00e0 ativa militares reformados, da reserva n\u00e3o remunerada ou afastados h\u00e1 mais de dez anos. Tamb\u00e9m ficam impedidos os que tenham sido denunciados ou condenados por crimes, contraven\u00e7\u00f5es ou atos de improbidade administrativa.<\/p>\n\n\n\n<p>Durante o per\u00edodo em que estiverem designados, os militares receber\u00e3o uma verba indenizat\u00f3ria mensal correspondente a 70% do sal\u00e1rio de um soldado de 1\u00aa classe \u2013 cerca de R$ 4,3 mil. Esse valor n\u00e3o ser\u00e1 incorporado aos vencimentos e os profissionais n\u00e3o poder\u00e3o exercer fun\u00e7\u00f5es de comando, chefia, dire\u00e7\u00e3o ou ocupar cargos comissionados.<\/p>\n\n\n\n<p>A nova regra tamb\u00e9m revoga futuros chamamentos ao Corpo de Militares Estaduais Inativos Volunt\u00e1rios (CMEIV), criado em 2017. No entanto, os atuais militares que j\u00e1 integram o CMEIV t\u00eam sua continuidade assegurada e poder\u00e3o optar pela nova designa\u00e7\u00e3o, desde que atendam todos os requisitos da lei.<\/p>\n\n\n\n<p>A medida est\u00e1 em conformidade com a Lei Or\u00e7ament\u00e1ria Anual (LOA) de 2025, o Plano Plurianual (PPA) 2024-2027 e a Lei de Diretrizes Or\u00e7ament\u00e1rias (LDO), respeitando os limites estabelecidos pela Lei de Responsabilidade Fiscal.<\/p>\n\n\n\n<p><strong>EFETIVO DA PM<\/strong>&nbsp;\u2013 Outra lei sancionada nesta quinta fixa o efetivo da Pol\u00edcia Militar do Paran\u00e1 em 23.576 policiais militares.<\/p>\n\n\n\n<p>AEN\/PR<\/p>\n","protected":false},"excerpt":{"rendered":"<p>O governador em exerc\u00edcio Darci Piana sancionou nesta quinta-feira (3) a lei (\u00a022.509\/2025\u00a0) que permite o retorno de policiais e bombeiros militares da reserva remunerada \u00e0 ativa, de forma volunt\u00e1ria. A medida busca refor\u00e7ar o trabalho das corpora\u00e7\u00f5es com profissionais experientes e j\u00e1 formados, aproveitando o conhecimento acumulado dos servidores. A proposta foi aprovada pela [&hellip;]<\/p>\n","protected":false},"author":2,"featured_media":69838,"comment_status":"open","ping_status":"open","sticky":false,"template":"","format":"standard","meta":{"advanced_seo_description":"","jetpack_seo_html_title":"","jetpack_seo_noindex":false,"_jetpack_memberships_contains_paid_content":false,"footnotes":""},"categories":[40],"tags":[],"class_list":{"0":"post-69837","1":"post","2":"type-post","3":"status-publish","4":"format-standard","5":"has-post-thumbnail","7":"category-destaques"},"jetpack_featured_media_url":"https:\/\/www.paranapraia.com.br\/wp-content\/uploads\/2025\/07\/pm-bombeiros_0.jpg","jetpack_sharing_enabled":true,"_links":{"self":[{"href":"https:\/\/www.paranapraia.com.br\/index.php\/wp-json\/wp\/v2\/posts\/69837"}],"collection":[{"href":"https:\/\/www.paranapraia.com.br\/index.php\/wp-json\/wp\/v2\/posts"}],"about":[{"href":"https:\/\/www.paranapraia.com.br\/index.php\/wp-json\/wp\/v2\/types\/post"}],"author":[{"embeddable":true,"href":"https:\/\/www.paranapraia.com.br\/index.php\/wp-json\/wp\/v2\/users\/2"}],"replies":[{"embeddable":true,"href":"https:\/\/www.paranapraia.com.br\/index.php\/wp-json\/wp\/v2\/comments?post=69837"}],"version-history":[{"count":1,"href":"https:\/\/www.paranapraia.com.br\/index.php\/wp-json\/wp\/v2\/posts\/69837\/revisions"}],"predecessor-version":[{"id":69839,"href":"https:\/\/www.paranapraia.com.br\/index.php\/wp-json\/wp\/v2\/posts\/69837\/revisions\/69839"}],"wp:featuredmedia":[{"embeddable":true,"href":"https:\/\/www.paranapraia.com.br\/index.php\/wp-json\/wp\/v2\/media\/69838"}],"wp:attachment":[{"href":"https:\/\/www.paranapraia.com.br\/index.php\/wp-json\/wp\/v2\/media?parent=69837"}],"wp:term":[{"taxonomy":"category","embeddable":true,"href":"https:\/\/www.paranapraia.com.br\/index.php\/wp-json\/wp\/v2\/categories?post=69837"},{"taxonomy":"post_tag","embeddable":true,"href":"https:\/\/www.paranapraia.com.br\/index.php\/wp-json\/wp\/v2\/tags?post=69837"}],"curies":[{"name":"wp","href":"https:\/\/api.w.org\/{rel}","templated":true}]}}