{"id":69831,"date":"2025-07-03T15:45:02","date_gmt":"2025-07-03T18:45:02","guid":{"rendered":"https:\/\/www.paranapraia.com.br\/?p=69831"},"modified":"2025-07-03T15:45:05","modified_gmt":"2025-07-03T18:45:05","slug":"prefeitura-de-paranagua-realiza-a-conferencia-municipal-de-assistencia-social-nesta-quinta-feira-3","status":"publish","type":"post","link":"https:\/\/www.paranapraia.com.br\/index.php\/2025\/07\/03\/prefeitura-de-paranagua-realiza-a-conferencia-municipal-de-assistencia-social-nesta-quinta-feira-3\/","title":{"rendered":"Prefeitura de Paranagu\u00e1 realiza a Confer\u00eancia Municipal de Assist\u00eancia Social nesta quinta-feira (3)"},"content":{"rendered":"\n<p>A Prefeitura de Paranagu\u00e1 por meio da Secretaria Municipal da Fam\u00edlia, Cidadania e Desenvolvimento Social (Semfac), realiza a 15\u00aa Confer\u00eancia Municipal de Assist\u00eancia Social.<\/p>\n\n\n\n<p>O evento antecede as confer\u00eancias estadual e nacional. A solenidade de abertura aconteceu na \u00faltima quarta-feira (2) e as atividades s\u00e3o realizadas nesta quinta-feira (3), nas depend\u00eancias do Isulpar.<\/p>\n\n\n\n<p>A confer\u00eancia \u00e9 um espa\u00e7o democr\u00e1tico e participativo para debater os avan\u00e7os e desafios do Servi\u00e7o \u00danico de Assist\u00eancia Social (SUAS). Participam usu\u00e1rios e trabalhadores do SUAS, entidades da sociedade civil, representantes governamentais, estudantes, conselheiros e toda comunidade interessada no fortalecimento da assist\u00eancia social.<\/p>\n\n\n\n<p>\u201cAs confer\u00eancias municipais s\u00e3o importantes para que possamos pensar naquilo que foi constru\u00eddo, pensar nos desafios existentes e deliberar sobre as diretrizes da pol\u00edtica de assist\u00eancia social no nosso munic\u00edpio. Oportunidades como essa, nos trazem a reflex\u00e3o daquilo que est\u00e1 sendo executado nos servi\u00e7os, nos programas existentes, nas estruturas e nos recursos humanos dos equipamentos que materializam o sistema \u00fanico de assist\u00eancia social no Paran\u00e1\u201d, destaca Carolina Miranda, secret\u00e1ria da Fam\u00edlia, Cidadania e Desenvolvimento Social.<\/p>\n\n\n\n<p>Foto: Wilson Leandro <\/p>\n\n\n\n<p>Prefeitura de Paranagu\u00e1 <\/p>\n","protected":false},"excerpt":{"rendered":"<p>A Prefeitura de Paranagu\u00e1 por meio da Secretaria Municipal da Fam\u00edlia, Cidadania e Desenvolvimento Social (Semfac), realiza a 15\u00aa Confer\u00eancia Municipal de Assist\u00eancia Social. O evento antecede as confer\u00eancias estadual e nacional. A solenidade de abertura aconteceu na \u00faltima quarta-feira (2) e as atividades s\u00e3o realizadas nesta quinta-feira (3), nas depend\u00eancias do Isulpar. A confer\u00eancia [&hellip;]<\/p>\n","protected":false},"author":2,"featured_media":69832,"comment_status":"open","ping_status":"open","sticky":false,"template":"","format":"standard","meta":{"advanced_seo_description":"","jetpack_seo_html_title":"","jetpack_seo_noindex":false,"_jetpack_memberships_contains_paid_content":false,"footnotes":""},"categories":[77],"tags":[],"class_list":{"0":"post-69831","1":"post","2":"type-post","3":"status-publish","4":"format-standard","5":"has-post-thumbnail","7":"category-paranagua"},"jetpack_featured_media_url":"https:\/\/www.paranapraia.com.br\/wp-content\/uploads\/2025\/07\/thumb-7-1.jpeg","jetpack_sharing_enabled":true,"_links":{"self":[{"href":"https:\/\/www.paranapraia.com.br\/index.php\/wp-json\/wp\/v2\/posts\/69831"}],"collection":[{"href":"https:\/\/www.paranapraia.com.br\/index.php\/wp-json\/wp\/v2\/posts"}],"about":[{"href":"https:\/\/www.paranapraia.com.br\/index.php\/wp-json\/wp\/v2\/types\/post"}],"author":[{"embeddable":true,"href":"https:\/\/www.paranapraia.com.br\/index.php\/wp-json\/wp\/v2\/users\/2"}],"replies":[{"embeddable":true,"href":"https:\/\/www.paranapraia.com.br\/index.php\/wp-json\/wp\/v2\/comments?post=69831"}],"version-history":[{"count":1,"href":"https:\/\/www.paranapraia.com.br\/index.php\/wp-json\/wp\/v2\/posts\/69831\/revisions"}],"predecessor-version":[{"id":69833,"href":"https:\/\/www.paranapraia.com.br\/index.php\/wp-json\/wp\/v2\/posts\/69831\/revisions\/69833"}],"wp:featuredmedia":[{"embeddable":true,"href":"https:\/\/www.paranapraia.com.br\/index.php\/wp-json\/wp\/v2\/media\/69832"}],"wp:attachment":[{"href":"https:\/\/www.paranapraia.com.br\/index.php\/wp-json\/wp\/v2\/media?parent=69831"}],"wp:term":[{"taxonomy":"category","embeddable":true,"href":"https:\/\/www.paranapraia.com.br\/index.php\/wp-json\/wp\/v2\/categories?post=69831"},{"taxonomy":"post_tag","embeddable":true,"href":"https:\/\/www.paranapraia.com.br\/index.php\/wp-json\/wp\/v2\/tags?post=69831"}],"curies":[{"name":"wp","href":"https:\/\/api.w.org\/{rel}","templated":true}]}}