{"id":69828,"date":"2025-07-03T15:42:14","date_gmt":"2025-07-03T18:42:14","guid":{"rendered":"https:\/\/www.paranapraia.com.br\/?p=69828"},"modified":"2025-07-03T15:42:17","modified_gmt":"2025-07-03T18:42:17","slug":"prefeitura-publica-chamamento-para-ambulantes-que-desejam-trabalhar-durante-a-festa-nacional-da-tainha","status":"publish","type":"post","link":"https:\/\/www.paranapraia.com.br\/index.php\/2025\/07\/03\/prefeitura-publica-chamamento-para-ambulantes-que-desejam-trabalhar-durante-a-festa-nacional-da-tainha\/","title":{"rendered":"Prefeitura publica chamamento para ambulantes que desejam trabalhar durante a Festa Nacional da Tainha"},"content":{"rendered":"\n<p>&nbsp;A Prefeitura Municipal de Paranagu\u00e1, por meio da Secretaria Municipal de Urbanismo (Semur), torna p\u00fablico o chamamento de ambulantes interessados em participar da Festa da Tainha 2025, que ocorrer\u00e1 de 11 a 20 de julho de 2025, na Pra\u00e7a de Eventos, situada a Rua General Carneiro, Centro Hist\u00f3rico de Paranagu\u00e1.<\/p>\n\n\n\n<p>Os ambulantes interessados dever\u00e3o comparecer ao Pal\u00e1cio S\u00e3o Jos\u00e9, sede administrativa da prefeitura, entre os dias 07 a 09 de julho de 2025, para efetuar seu cadastro no Setor de Atendimento a Ambulantes. O atendimento ocorrer\u00e1 das 13h \u00e0s 17h30.<\/p>\n\n\n\n<p>Ser\u00e3o disponibilizadas 50 vagas, conforme determina\u00e7\u00e3o da Secretaria Municipal de Turismo, somente para ambulantes com licen\u00e7a vigente. O cadastramento ser\u00e1 realizado por ordem de chegada.<\/p>\n\n\n\n<p><strong>Produtos autorizados para comercializa\u00e7\u00e3o:<\/strong><\/p>\n\n\n\n<p>Espetinhos<\/p>\n\n\n\n<p>Pipocas<\/p>\n\n\n\n<p>Doces em geral<\/p>\n\n\n\n<p>Algod\u00e3o doce<\/p>\n\n\n\n<p>Crepes<\/p>\n\n\n\n<p>Salgados<\/p>\n\n\n\n<p>Caldo-de-cana<\/p>\n\n\n\n<p>Past\u00e9is<\/p>\n\n\n\n<p>Costela bovina<\/p>\n\n\n\n<p>Cachorro-quente<\/p>\n\n\n\n<p>Milho<\/p>\n\n\n\n<p>Pamonha<\/p>\n\n\n\n<p>Milkshake<\/p>\n\n\n\n<p>Lanches<\/p>\n\n\n\n<p>P\u00e3o caseiro<\/p>\n\n\n\n<p>\u00c1gua de coco<\/p>\n\n\n\n<p>A\u00e7a\u00ed<\/p>\n\n\n\n<p>Sorvete<\/p>\n\n\n\n<p>Picol\u00e9s<\/p>\n\n\n\n<p>Bolhas de sab\u00e3o<\/p>\n\n\n\n<p>Churros<\/p>\n\n\n\n<p>Bal\u00f5es<\/p>\n\n\n\n<p>Brinquedos<\/p>\n\n\n\n<p>Pano de prato<\/p>\n\n\n\n<p>Batata no cone<\/p>\n\n\n\n<p>\u00c1gua mineral<\/p>\n\n\n\n<p>Sucos<\/p>\n\n\n\n<p>Refrigerantes<\/p>\n\n\n\n<p><\/p>\n\n\n\n<p><strong>Informa\u00e7\u00f5es:<\/strong><\/p>\n\n\n\n<p>Secretaria Municipal de Urbanismo<\/p>\n\n\n\n<p>Rua J\u00falia da Costa, 322 \u2013 Centro \u2013 Paranagu\u00e1 \u2013 PR<\/p>\n\n\n\n<p>Telefone: (41) 3420-2767<\/p>\n\n\n\n<p>Luiz Augusto Pellegrini de Carvalho<\/p>\n\n\n\n<p>Secret\u00e1rio Municipal de Urbanismo<\/p>\n\n\n\n<p>Prefeitura Municipal de Paranagu\u00e1<\/p>\n\n\n\n<p> Foto: Wilson Leandro<\/p>\n","protected":false},"excerpt":{"rendered":"<p>&nbsp;A Prefeitura Municipal de Paranagu\u00e1, por meio da Secretaria Municipal de Urbanismo (Semur), torna p\u00fablico o chamamento de ambulantes interessados em participar da Festa da Tainha 2025, que ocorrer\u00e1 de 11 a 20 de julho de 2025, na Pra\u00e7a de Eventos, situada a Rua General Carneiro, Centro Hist\u00f3rico de Paranagu\u00e1. Os ambulantes interessados dever\u00e3o comparecer [&hellip;]<\/p>\n","protected":false},"author":2,"featured_media":69829,"comment_status":"open","ping_status":"open","sticky":false,"template":"","format":"standard","meta":{"advanced_seo_description":"","jetpack_seo_html_title":"","jetpack_seo_noindex":false,"_jetpack_memberships_contains_paid_content":false,"footnotes":""},"categories":[77],"tags":[],"class_list":{"0":"post-69828","1":"post","2":"type-post","3":"status-publish","4":"format-standard","5":"has-post-thumbnail","7":"category-paranagua"},"jetpack_featured_media_url":"https:\/\/www.paranapraia.com.br\/wp-content\/uploads\/2025\/07\/thumb-6-1.jpeg","jetpack_sharing_enabled":true,"_links":{"self":[{"href":"https:\/\/www.paranapraia.com.br\/index.php\/wp-json\/wp\/v2\/posts\/69828"}],"collection":[{"href":"https:\/\/www.paranapraia.com.br\/index.php\/wp-json\/wp\/v2\/posts"}],"about":[{"href":"https:\/\/www.paranapraia.com.br\/index.php\/wp-json\/wp\/v2\/types\/post"}],"author":[{"embeddable":true,"href":"https:\/\/www.paranapraia.com.br\/index.php\/wp-json\/wp\/v2\/users\/2"}],"replies":[{"embeddable":true,"href":"https:\/\/www.paranapraia.com.br\/index.php\/wp-json\/wp\/v2\/comments?post=69828"}],"version-history":[{"count":1,"href":"https:\/\/www.paranapraia.com.br\/index.php\/wp-json\/wp\/v2\/posts\/69828\/revisions"}],"predecessor-version":[{"id":69830,"href":"https:\/\/www.paranapraia.com.br\/index.php\/wp-json\/wp\/v2\/posts\/69828\/revisions\/69830"}],"wp:featuredmedia":[{"embeddable":true,"href":"https:\/\/www.paranapraia.com.br\/index.php\/wp-json\/wp\/v2\/media\/69829"}],"wp:attachment":[{"href":"https:\/\/www.paranapraia.com.br\/index.php\/wp-json\/wp\/v2\/media?parent=69828"}],"wp:term":[{"taxonomy":"category","embeddable":true,"href":"https:\/\/www.paranapraia.com.br\/index.php\/wp-json\/wp\/v2\/categories?post=69828"},{"taxonomy":"post_tag","embeddable":true,"href":"https:\/\/www.paranapraia.com.br\/index.php\/wp-json\/wp\/v2\/tags?post=69828"}],"curies":[{"name":"wp","href":"https:\/\/api.w.org\/{rel}","templated":true}]}}