{"id":69825,"date":"2025-07-03T15:38:04","date_gmt":"2025-07-03T18:38:04","guid":{"rendered":"https:\/\/www.paranapraia.com.br\/?p=69825"},"modified":"2025-07-03T15:38:07","modified_gmt":"2025-07-03T18:38:07","slug":"paranagua-avanca-na-organizacao-do-patrimonio-publico-para-fortalecer-a-gestao-e-melhorar-o-atendimento-a-populacao","status":"publish","type":"post","link":"https:\/\/www.paranapraia.com.br\/index.php\/2025\/07\/03\/paranagua-avanca-na-organizacao-do-patrimonio-publico-para-fortalecer-a-gestao-e-melhorar-o-atendimento-a-populacao\/","title":{"rendered":"Paranagu\u00e1 avan\u00e7a na organiza\u00e7\u00e3o do patrim\u00f4nio p\u00fablico para fortalecer a gest\u00e3o e melhorar o atendimento \u00e0 popula\u00e7\u00e3o"},"content":{"rendered":"\n<p>O setor de patrim\u00f4nio p\u00fablico da Prefeitura de Paranagu\u00e1 tem uma miss\u00e3o fundamental: cuidar, conservar e distribuir os bens que pertencem \u00e0 administra\u00e7\u00e3o municipal. S\u00e3o m\u00f3veis, im\u00f3veis, ve\u00edculos oficiais, equipamentos utilizados pelas secretarias e at\u00e9 espa\u00e7os hist\u00f3ricos que, quando bem gerenciados, garantem uma gest\u00e3o mais eficiente, transparente e que beneficia diretamente a popula\u00e7\u00e3o.<\/p>\n\n\n\n<p>Quando assumiu o cargo, o atual gestor encontrou um cen\u00e1rio complicado. O secret\u00e1rio de Administra\u00e7\u00e3o (Semad), Am\u00edlcar Pacheco dos Santos, lembra que o setor enfrentava uma organiza\u00e7\u00e3o prec\u00e1ria. \u201cAl\u00e9m da desordem nos m\u00f3veis e equipamentos das secretarias, havia uma quantidade enorme de objetos e documentos acumulados, sem controle ou destina\u00e7\u00e3o adequada. Tivemos que fazer um levantamento completo e iniciar uma verdadeira reestrutura\u00e7\u00e3o\u201d, explica.<\/p>\n\n\n\n<p>Com esfor\u00e7o e dedica\u00e7\u00e3o, a equipe vem avan\u00e7ando aos poucos. O superintendente \u00c9merson Boettcher destaca que o foco tem sido aproveitar ao m\u00e1ximo cada item. \u201cEstamos reorganizando m\u00f3veis, como cadeiras, mesas e arm\u00e1rios, tamb\u00e9m revisando a frota de ve\u00edculos. Muitos ve\u00edculos que estavam destinados ao descarte ainda tinham condi\u00e7\u00f5es de uso, ap\u00f3s pequenos reparos. Agora, criamos uma base de dados precisa, onde todo material que entra no patrim\u00f4nio \u00e9 catalogado imediatamente\u201d, conta.<\/p>\n\n\n\n<p>Al\u00e9m de melhorar a gest\u00e3o interna, o objetivo \u00e9 garantir que os bens p\u00fablicos sejam utilizados de forma eficiente para atender \u00e0s necessidades da comunidade. \u201cMuitas pessoas n\u00e3o percebem, mas quando o setor de patrim\u00f4nio funciona bem, isso reflete na agilidade e qualidade dos servi\u00e7os oferecidos pelas secretarias. Manter a frota de ve\u00edculos em boas condi\u00e7\u00f5es, por exemplo, garante que equipes de sa\u00fade, educa\u00e7\u00e3o e seguran\u00e7a possam trabalhar com mais rapidez e efic\u00e1cia\u201d, refor\u00e7a Am\u00edlcar.<\/p>\n\n\n\n<p>A supervisora de Bens e M\u00f3veis, J\u00falia Maria Alves, explica que hoje todo novo patrim\u00f4nio passa por uma s\u00e9rie de requisitos e recebe um n\u00famero de s\u00e9rie assim que entra no sistema. \u201cNosso trabalho \u00e9 com zelo pelo patrim\u00f4nio p\u00fablico. Temos a responsabilidade de cuidar do que \u00e9 de todos\u201d, ressalta.<\/p>\n\n\n\n<p>Embora ainda esteja em fase de reestrutura\u00e7\u00e3o, o setor de patrim\u00f4nio de Paranagu\u00e1 j\u00e1 mostra avan\u00e7os concretos. A cidade come\u00e7a a perceber um governo mais organizado, com recursos p\u00fablicos bem geridos e utilizados de forma mais eficiente. Ao garantir que os bens p\u00fablicos estejam em boas condi\u00e7\u00f5es e sob controle, a gest\u00e3o atual n\u00e3o s\u00f3 resolve problemas antigos, mas tamb\u00e9m constr\u00f3i uma base s\u00f3lida para um futuro mais ordenado e funcional para todos os cidad\u00e3os de Paranagu\u00e1.<\/p>\n\n\n\n<p> Foto:Farpa Gomes<\/p>\n\n\n\n<p>Prefeitura de Paranagu\u00e1 <\/p>\n","protected":false},"excerpt":{"rendered":"<p>O setor de patrim\u00f4nio p\u00fablico da Prefeitura de Paranagu\u00e1 tem uma miss\u00e3o fundamental: cuidar, conservar e distribuir os bens que pertencem \u00e0 administra\u00e7\u00e3o municipal. S\u00e3o m\u00f3veis, im\u00f3veis, ve\u00edculos oficiais, equipamentos utilizados pelas secretarias e at\u00e9 espa\u00e7os hist\u00f3ricos que, quando bem gerenciados, garantem uma gest\u00e3o mais eficiente, transparente e que beneficia diretamente a popula\u00e7\u00e3o. Quando assumiu [&hellip;]<\/p>\n","protected":false},"author":2,"featured_media":69826,"comment_status":"open","ping_status":"open","sticky":false,"template":"","format":"standard","meta":{"advanced_seo_description":"","jetpack_seo_html_title":"","jetpack_seo_noindex":false,"_jetpack_memberships_contains_paid_content":false,"footnotes":""},"categories":[77],"tags":[],"class_list":{"0":"post-69825","1":"post","2":"type-post","3":"status-publish","4":"format-standard","5":"has-post-thumbnail","7":"category-paranagua"},"jetpack_featured_media_url":"https:\/\/www.paranapraia.com.br\/wp-content\/uploads\/2025\/07\/thumb-5.jpeg","jetpack_sharing_enabled":true,"_links":{"self":[{"href":"https:\/\/www.paranapraia.com.br\/index.php\/wp-json\/wp\/v2\/posts\/69825"}],"collection":[{"href":"https:\/\/www.paranapraia.com.br\/index.php\/wp-json\/wp\/v2\/posts"}],"about":[{"href":"https:\/\/www.paranapraia.com.br\/index.php\/wp-json\/wp\/v2\/types\/post"}],"author":[{"embeddable":true,"href":"https:\/\/www.paranapraia.com.br\/index.php\/wp-json\/wp\/v2\/users\/2"}],"replies":[{"embeddable":true,"href":"https:\/\/www.paranapraia.com.br\/index.php\/wp-json\/wp\/v2\/comments?post=69825"}],"version-history":[{"count":1,"href":"https:\/\/www.paranapraia.com.br\/index.php\/wp-json\/wp\/v2\/posts\/69825\/revisions"}],"predecessor-version":[{"id":69827,"href":"https:\/\/www.paranapraia.com.br\/index.php\/wp-json\/wp\/v2\/posts\/69825\/revisions\/69827"}],"wp:featuredmedia":[{"embeddable":true,"href":"https:\/\/www.paranapraia.com.br\/index.php\/wp-json\/wp\/v2\/media\/69826"}],"wp:attachment":[{"href":"https:\/\/www.paranapraia.com.br\/index.php\/wp-json\/wp\/v2\/media?parent=69825"}],"wp:term":[{"taxonomy":"category","embeddable":true,"href":"https:\/\/www.paranapraia.com.br\/index.php\/wp-json\/wp\/v2\/categories?post=69825"},{"taxonomy":"post_tag","embeddable":true,"href":"https:\/\/www.paranapraia.com.br\/index.php\/wp-json\/wp\/v2\/tags?post=69825"}],"curies":[{"name":"wp","href":"https:\/\/api.w.org\/{rel}","templated":true}]}}