{"id":69642,"date":"2025-07-01T12:40:23","date_gmt":"2025-07-01T15:40:23","guid":{"rendered":"https:\/\/www.paranapraia.com.br\/?p=69642"},"modified":"2025-07-01T12:40:25","modified_gmt":"2025-07-01T15:40:25","slug":"boletim-semanal-confirma-mais-1-382-casos-de-dengue-e-13-mortes-no-parana","status":"publish","type":"post","link":"https:\/\/www.paranapraia.com.br\/index.php\/2025\/07\/01\/boletim-semanal-confirma-mais-1-382-casos-de-dengue-e-13-mortes-no-parana\/","title":{"rendered":"Boletim semanal confirma mais 1.382 casos de dengue e 13 mortes no Paran\u00e1"},"content":{"rendered":"\n<p>A Secretaria de Estado da Sa\u00fade (Sesa) divulgou nesta ter\u00e7a-feira (01) o informe epidemiol\u00f3gico semanal da dengue. Foram registrados mais 1.382 casos da doen\u00e7a e 13 \u00f3bitos no Paran\u00e1. Os dados acumulados do ano epidemiol\u00f3gico 2025 totalizam agora 244.537 notifica\u00e7\u00f5es, 82.849 diagn\u00f3sticos confirmados e 97 \u00f3bitos.<\/p>\n\n\n\n<p>No total, 398 munic\u00edpios j\u00e1 apresentaram notifica\u00e7\u00f5es da doen\u00e7a, que \u00e9 transmitida pelo mosquito&nbsp;<em>Aedes aegypti<\/em>, e 379 possuem casos confirmados.<\/p>\n\n\n\n<p>Os novos \u00f3bitos ocorreram entre mar\u00e7o e junho, sendo oito mulheres e cinco homens, com idades entre 26 e 96 anos, todos com comorbidades. Os pacientes residiam em Atalaia, Mandagua\u00e7u e Maring\u00e1, na 15\u00aa Regional de Sa\u00fade (RS) de Maring\u00e1; Florest\u00f3polis, Ibipor\u00e3 (2) e Sertan\u00f3polis na 17\u00aa RS de Londrina; Carl\u00f3polis (2) e Joaquim T\u00e1vora (3) na 19\u00aa RS Jacarezinho; e Ros\u00e1rio do Iva\u00ed na 22\u00aa RS de Ivaipor\u00e3.<\/p>\n\n\n\n<p>As regionais com os maiores n\u00fameros de casos confirmados neste per\u00edodo epidemiol\u00f3gico s\u00e3o a 17\u00aa RS de Londrina (19.938); 14\u00aa RS de Paranava\u00ed (12.261); 15\u00aa RS de Maring\u00e1 (10.410); 19\u00aa RS de Jacarezinho (6.655); e 12\u00aa RS de Umuarama (5.056).<\/p>\n\n\n\n<p><strong>OUTRAS ARBOVIROSES<\/strong>&nbsp;\u2013 A publica\u00e7\u00e3o inclui, ainda, dados sobre Chikungunya e Zika, doen\u00e7as tamb\u00e9m transmitidas pelo mosquito&nbsp;<em>Aedes aegypti<\/em>. Foram confirmados 4.912 casos de Chikungunya, num total de 9.947 notifica\u00e7\u00f5es da doen\u00e7a no Estado.&nbsp;Houve a confirma\u00e7\u00e3o de mais um \u00f3bito (caso aut\u00f3ctone) por Chikungunya. O paciente residia no munic\u00edpio de Cascavel, totalizando, no acumulado deste ano, tr\u00eas \u00f3bitos confirmados pelo agravo no Estado.<\/p>\n\n\n\n<p>Quanto ao v\u00edrus Zika, foram registradas 122 notifica\u00e7\u00f5es at\u00e9 a publica\u00e7\u00e3o deste boletim, sem nenhum caso confirmado.<\/p>\n\n\n\n<p><strong>FEBRE OROPOUCHE&nbsp;<\/strong>\u2013&nbsp;A&nbsp;Sesa&nbsp;publica tamb\u00e9m neste boletim os casos de Oropouche no Paran\u00e1. Houve ocorr\u00eancias nos munic\u00edpios de Adrian\u00f3polis (113 casos aut\u00f3ctones) e Morretes (2 casos aut\u00f3ctones), al\u00e9m do registro de um caso importado no munic\u00edpio de Arapongas (importado do Esp\u00edrito Santo).<\/p>\n\n\n\n<p>A febre Oropouche \u00e9 causada pelo v\u00edrus&nbsp;<em>Orthobunyavirus oropoucheense&nbsp;<\/em>(OROV), transmitido principalmente pelo inseto&nbsp;<em>Culicoides paraensis<\/em>, conhecido como maruim ou mosquito-p\u00f3lvora. Ap\u00f3s picar uma pessoa ou animal infectado, o vetor pode transmitir o v\u00edrus a outras pessoas.<\/p>\n\n\n\n<p><strong>Confira o Informe Semanal completo&nbsp;<a href=\"https:\/\/www.documentador.pr.gov.br\/documentador\/pub.do?action=d&amp;uuid=@gtf-escriba-sesa@711bb131-e8b6-47d7-bb03-7dc4a5913be3&amp;emPg=true\" target=\"_blank\" rel=\"noreferrer noopener\">AQUI<\/a>. Mais informa\u00e7\u00f5es sobre a dengue est\u00e3o&nbsp;<a href=\"https:\/\/www.dengue.pr.gov.br\/Pagina\/Boletins-da-Dengue\" target=\"_blank\" rel=\"noreferrer noopener\">neste&nbsp;LINK<\/a>.<\/strong><\/p>\n\n\n\n<p>AEN\/PR<\/p>\n","protected":false},"excerpt":{"rendered":"<p>A Secretaria de Estado da Sa\u00fade (Sesa) divulgou nesta ter\u00e7a-feira (01) o informe epidemiol\u00f3gico semanal da dengue. Foram registrados mais 1.382 casos da doen\u00e7a e 13 \u00f3bitos no Paran\u00e1. Os dados acumulados do ano epidemiol\u00f3gico 2025 totalizam agora 244.537 notifica\u00e7\u00f5es, 82.849 diagn\u00f3sticos confirmados e 97 \u00f3bitos. No total, 398 munic\u00edpios j\u00e1 apresentaram notifica\u00e7\u00f5es da doen\u00e7a, [&hellip;]<\/p>\n","protected":false},"author":2,"featured_media":69643,"comment_status":"open","ping_status":"open","sticky":false,"template":"","format":"standard","meta":{"advanced_seo_description":"","jetpack_seo_html_title":"","jetpack_seo_noindex":false,"_jetpack_memberships_contains_paid_content":false,"footnotes":""},"categories":[50],"tags":[],"class_list":{"0":"post-69642","1":"post","2":"type-post","3":"status-publish","4":"format-standard","5":"has-post-thumbnail","7":"category-saude"},"jetpack_featured_media_url":"https:\/\/www.paranapraia.com.br\/wp-content\/uploads\/2025\/07\/boletimdenguenovo2025-1.jpg","jetpack_sharing_enabled":true,"_links":{"self":[{"href":"https:\/\/www.paranapraia.com.br\/index.php\/wp-json\/wp\/v2\/posts\/69642"}],"collection":[{"href":"https:\/\/www.paranapraia.com.br\/index.php\/wp-json\/wp\/v2\/posts"}],"about":[{"href":"https:\/\/www.paranapraia.com.br\/index.php\/wp-json\/wp\/v2\/types\/post"}],"author":[{"embeddable":true,"href":"https:\/\/www.paranapraia.com.br\/index.php\/wp-json\/wp\/v2\/users\/2"}],"replies":[{"embeddable":true,"href":"https:\/\/www.paranapraia.com.br\/index.php\/wp-json\/wp\/v2\/comments?post=69642"}],"version-history":[{"count":1,"href":"https:\/\/www.paranapraia.com.br\/index.php\/wp-json\/wp\/v2\/posts\/69642\/revisions"}],"predecessor-version":[{"id":69644,"href":"https:\/\/www.paranapraia.com.br\/index.php\/wp-json\/wp\/v2\/posts\/69642\/revisions\/69644"}],"wp:featuredmedia":[{"embeddable":true,"href":"https:\/\/www.paranapraia.com.br\/index.php\/wp-json\/wp\/v2\/media\/69643"}],"wp:attachment":[{"href":"https:\/\/www.paranapraia.com.br\/index.php\/wp-json\/wp\/v2\/media?parent=69642"}],"wp:term":[{"taxonomy":"category","embeddable":true,"href":"https:\/\/www.paranapraia.com.br\/index.php\/wp-json\/wp\/v2\/categories?post=69642"},{"taxonomy":"post_tag","embeddable":true,"href":"https:\/\/www.paranapraia.com.br\/index.php\/wp-json\/wp\/v2\/tags?post=69642"}],"curies":[{"name":"wp","href":"https:\/\/api.w.org\/{rel}","templated":true}]}}