{"id":69578,"date":"2025-06-30T17:23:47","date_gmt":"2025-06-30T20:23:47","guid":{"rendered":"https:\/\/www.paranapraia.com.br\/?p=69578"},"modified":"2025-06-30T17:23:50","modified_gmt":"2025-06-30T20:23:50","slug":"paranagua-recebe-a-exposicao-caminhos-do-encantamento-a-partir-do-dia-3-de-julho","status":"publish","type":"post","link":"https:\/\/www.paranapraia.com.br\/index.php\/2025\/06\/30\/paranagua-recebe-a-exposicao-caminhos-do-encantamento-a-partir-do-dia-3-de-julho\/","title":{"rendered":"Paranagu\u00e1 recebe a exposi\u00e7\u00e3o \u201cCaminhos do Encantamento\u201d a partir do dia 3 de julho"},"content":{"rendered":"\n<p>Depois de passar por Curitiba e, at\u00e9 mesmo, pela Europa, a exposi\u00e7\u00e3o \u201cCaminhos do Encantamento\u201d desembarca agora na hist\u00f3rica Paranagu\u00e1, onde ficar\u00e1 aberta ao p\u00fablico entre os dias 3 e 29 de julho, na Casa Monsenhor Celso, com figurinos incr\u00edveis criados a partir de materiais reciclados pelo artista visual Gustavo Krelling. A iniciativa tem o apoio da Prefeitura de Paranagu\u00e1, por meio da Secretaria Municipal de Cultura (Secultur).<\/p>\n\n\n\n<p>A proposta da exposi\u00e7\u00e3o \u201cCaminhos do Encantamento\u201d, que faz parte da programa\u00e7\u00e3o oficial do festival de teatro infantil \u201cEra uma vez, eram duas\u2026 Eram tr\u00eas\u201d, \u00e9 proporcionar uma imers\u00e3o no universo m\u00e1gico dos contos de fadas a partir da recria\u00e7\u00e3o de figurinos de personagens cl\u00e1ssicos da literatura infantil, como Jo\u00e3o e o P\u00e9 de Feij\u00e3o, Cinderela, Chapeuzinho Vermelho e Jo\u00e3o e Maria.<\/p>\n\n\n\n<p>Antes de chegar ao novo destino, a mostra passou pelo Teatro Gua\u00edra, na capital paranaense, em julho de 2021, e pela Luka Art Gallery, que funciona dentro do Castelo Biester, em Portugal, na cidade de Sintra.<\/p>\n\n\n\n<p>\u201cAs pe\u00e7as dessa exposi\u00e7\u00e3o s\u00e3o uma grande brincadeira de ressignifica\u00e7\u00e3o de materiais e uma permiss\u00e3o para inven\u00e7\u00e3o de infinitas possibilidades. A Chapeuzinho Vermelho, que vai levar doces na vovozinha \u2013 como na can\u00e7\u00e3o de Braguinha \u2013 aparece com um traje todo feito de embalagens de doces na cor vermelha. A Bruxa, de Jo\u00e3o e Maria, que atraia as crian\u00e7as para dentro de sua casa de doces, aparece com um colar feito de colheres de pau, mangas e avental feitos com papel de bala e cabelo de palha de vassoura\u201d, destaca Gustavo Krelling.<\/p>\n\n\n\n<p>Com foco na sustentabilidade, os figurinos foram desenhados em croquis e confeccionados a partir de materiais recicl\u00e1veis, como mangueiras de jardim, sacos de lixo, embalagens de alimentos, rolos de papel higi\u00eanico, garrafas PET e pl\u00e1sticos diversos. A exposi\u00e7\u00e3o convida o p\u00fablico de todas as idades a revisitar hist\u00f3rias conhecidas com um novo olhar, que une impacto visual, criatividade e reflex\u00e3o sobre o consumo e o meio ambiente.<\/p>\n\n\n\n<p>Ap\u00f3s dezenas de trabalhos entre figurinos para musicais, performances, \u00f3peras e exposi\u00e7\u00f5es, Gustavo tem em sua bagagem um repert\u00f3rio \u00fanico e tem como foco arriscar em dialogar com a indument\u00e1ria atrav\u00e9s de materiais alternativos de reuso. \u201cMeu compromisso est\u00e9tico \u00e9 para que o p\u00fablico entre no universo fant\u00e1stico das personagens. Os visitantes podem esperar um momento de encantamento e descoberta de in\u00fameras possibilidades dos materiais, al\u00e9m de encontrarem alguns dos personagens favoritos de seus contos de fadas\u201d, revela o artista.<\/p>\n\n\n\n<p>Ao todo, ser\u00e3o cinco figurinos em exibi\u00e7\u00e3o, incluindo uma cria\u00e7\u00e3o in\u00e9dita: o da Pequena Sereia, confeccionado especialmente para a temporada portuguesa da mostra. As demais pe\u00e7as representam o p\u00e9 de feij\u00e3o gigante, a bruxa dos doces, a fada-madrinha e a Chapeuzinho Vermelho.<\/p>\n\n\n\n<p><strong>Sobre o artista<\/strong><\/p>\n\n\n\n<p>Gustavo Krelling, de 35 anos, \u00e9 artista visual, figurinista e aderecista. Atuou por mais de uma d\u00e9cada na prepara\u00e7\u00e3o de escolas de samba do Rio de Janeiro e assinou figurinos para espet\u00e1culos de teatro, \u00f3peras e musicais. Em 2021, venceu o Rio Webfest na categoria de melhor webs\u00e9rie educacional brasileira, com \u201cO Fant\u00e1stico Ateli\u00ea do Gu\u201d, em parceria com o diretor Jorge Farjalla. Atualmente, \u00e9 um dos propriet\u00e1rios da marca curitibana Tutu Ateli\u00ea de Sapatilhas, especializada em sapatos artesanais.<\/p>\n\n\n\n<p>A mostra \u201cCaminhos do Encantamento\u201d ficar\u00e1 em cartaz entre os dias 03 e 29 de julho, na Casa Monsenhor Celso, em Paranagu\u00e1 (PR). Os trabalhos poder\u00e3o ser visitados gratuitamente de segunda a sexta, das 8h \u00e0s 17h, e aos s\u00e1bados, das 10h \u00e0s 14h. Para mais informa\u00e7\u00f5es, acesse o site:&nbsp;<a href=\"https:\/\/montenegroproducoes.com\/\">https:\/\/montenegroproducoes.com<\/a><\/p>\n\n\n\n<p><em>Prefeitura de Paranagu\u00e1<\/em><\/p>\n\n\n\n<p><\/p>\n","protected":false},"excerpt":{"rendered":"<p>Depois de passar por Curitiba e, at\u00e9 mesmo, pela Europa, a exposi\u00e7\u00e3o \u201cCaminhos do Encantamento\u201d desembarca agora na hist\u00f3rica Paranagu\u00e1, onde ficar\u00e1 aberta ao p\u00fablico entre os dias 3 e 29 de julho, na Casa Monsenhor Celso, com figurinos incr\u00edveis criados a partir de materiais reciclados pelo artista visual Gustavo Krelling. A iniciativa tem o [&hellip;]<\/p>\n","protected":false},"author":2,"featured_media":69579,"comment_status":"open","ping_status":"open","sticky":false,"template":"","format":"standard","meta":{"advanced_seo_description":"","jetpack_seo_html_title":"","jetpack_seo_noindex":false,"_jetpack_memberships_contains_paid_content":false,"footnotes":""},"categories":[77],"tags":[],"class_list":{"0":"post-69578","1":"post","2":"type-post","3":"status-publish","4":"format-standard","5":"has-post-thumbnail","7":"category-paranagua"},"jetpack_featured_media_url":"https:\/\/www.paranapraia.com.br\/wp-content\/uploads\/2025\/06\/16692-scaled.jpg","jetpack_sharing_enabled":true,"_links":{"self":[{"href":"https:\/\/www.paranapraia.com.br\/index.php\/wp-json\/wp\/v2\/posts\/69578"}],"collection":[{"href":"https:\/\/www.paranapraia.com.br\/index.php\/wp-json\/wp\/v2\/posts"}],"about":[{"href":"https:\/\/www.paranapraia.com.br\/index.php\/wp-json\/wp\/v2\/types\/post"}],"author":[{"embeddable":true,"href":"https:\/\/www.paranapraia.com.br\/index.php\/wp-json\/wp\/v2\/users\/2"}],"replies":[{"embeddable":true,"href":"https:\/\/www.paranapraia.com.br\/index.php\/wp-json\/wp\/v2\/comments?post=69578"}],"version-history":[{"count":1,"href":"https:\/\/www.paranapraia.com.br\/index.php\/wp-json\/wp\/v2\/posts\/69578\/revisions"}],"predecessor-version":[{"id":69580,"href":"https:\/\/www.paranapraia.com.br\/index.php\/wp-json\/wp\/v2\/posts\/69578\/revisions\/69580"}],"wp:featuredmedia":[{"embeddable":true,"href":"https:\/\/www.paranapraia.com.br\/index.php\/wp-json\/wp\/v2\/media\/69579"}],"wp:attachment":[{"href":"https:\/\/www.paranapraia.com.br\/index.php\/wp-json\/wp\/v2\/media?parent=69578"}],"wp:term":[{"taxonomy":"category","embeddable":true,"href":"https:\/\/www.paranapraia.com.br\/index.php\/wp-json\/wp\/v2\/categories?post=69578"},{"taxonomy":"post_tag","embeddable":true,"href":"https:\/\/www.paranapraia.com.br\/index.php\/wp-json\/wp\/v2\/tags?post=69578"}],"curies":[{"name":"wp","href":"https:\/\/api.w.org\/{rel}","templated":true}]}}