{"id":69575,"date":"2025-06-30T17:21:18","date_gmt":"2025-06-30T20:21:18","guid":{"rendered":"https:\/\/www.paranapraia.com.br\/?p=69575"},"modified":"2025-06-30T17:21:22","modified_gmt":"2025-06-30T20:21:22","slug":"prefeitura-de-paranagua-realiza-feirao-de-emprego-com-80-vagas-e-acoes-sociais-na-vila-garcia","status":"publish","type":"post","link":"https:\/\/www.paranapraia.com.br\/index.php\/2025\/06\/30\/prefeitura-de-paranagua-realiza-feirao-de-emprego-com-80-vagas-e-acoes-sociais-na-vila-garcia\/","title":{"rendered":"Prefeitura de Paranagu\u00e1 realiza Feir\u00e3o de Emprego com 80 vagas e a\u00e7\u00f5es sociais na Vila Garcia"},"content":{"rendered":"\n<p>A Prefeitura de Paranagu\u00e1, por meio da Secretaria Municipal do Trabalho, Emprego e Assuntos Sindicais (SEMTRA), promove no pr\u00f3ximo dia 5 de julho, das 9h \u00e0s 13h, o Feir\u00e3o de Emprego com 80 vagas dispon\u00edveis. O evento ser\u00e1 realizado na Escola Municipal Professor Jo\u00e3o Rocha dos Santos, localizada na Avenida Dona Julieta, n\u00ba 480, no bairro Vila Garcia.<\/p>\n\n\n\n<p>O projeto \u00e9 fruto de uma parceria entre a SEMTRA , SINE e outras secretarias municipais, como Esporte e Cultura, e visa facilitar o acesso ao mercado de trabalho para moradores da regi\u00e3o. Al\u00e9m da sele\u00e7\u00e3o de candidatos \u00e0s vagas ofertadas, o feir\u00e3o contar\u00e1 com a\u00e7\u00f5es sociais e de orienta\u00e7\u00e3o para quem busca recoloca\u00e7\u00e3o profissional ou o primeiro emprego.<\/p>\n\n\n\n<p>De acordo com o secret\u00e1rio municipal do Trabalho, Emprego e Assuntos Sindicais, Wagih Hammoud, a iniciativa tem como prioridade atender os trabalhadores da pr\u00f3pria comunidade.<\/p>\n\n\n\n<p>\u201cNosso intuito como secretaria do trabalho \u00e9 reinserir profissionais ao mercado de trabalho, e jovens que pretendem iniciar sua trajet\u00f3ria profissional, com expectativa de contrata\u00e7\u00e3o preferencialmente de trabalhadores que residem na regi\u00e3o. Al\u00e9m disso, promovemos cursos de capacita\u00e7\u00e3o profissional, em diferentes \u00e1reas do mercado de trabalho\u201d, afirmou.<\/p>\n\n\n\n<p>O Feir\u00e3o de Emprego representa mais uma a\u00e7\u00e3o concreta da gest\u00e3o municipal para fomentar a gera\u00e7\u00e3o de emprego, renda e qualifica\u00e7\u00e3o profissional em Paranagu\u00e1.<\/p>\n\n\n\n<p>Prefeitura de Paranagu\u00e1<\/p>\n","protected":false},"excerpt":{"rendered":"<p>A Prefeitura de Paranagu\u00e1, por meio da Secretaria Municipal do Trabalho, Emprego e Assuntos Sindicais (SEMTRA), promove no pr\u00f3ximo dia 5 de julho, das 9h \u00e0s 13h, o Feir\u00e3o de Emprego com 80 vagas dispon\u00edveis. O evento ser\u00e1 realizado na Escola Municipal Professor Jo\u00e3o Rocha dos Santos, localizada na Avenida Dona Julieta, n\u00ba 480, no [&hellip;]<\/p>\n","protected":false},"author":2,"featured_media":69576,"comment_status":"open","ping_status":"open","sticky":false,"template":"","format":"standard","meta":{"advanced_seo_description":"","jetpack_seo_html_title":"","jetpack_seo_noindex":false,"_jetpack_memberships_contains_paid_content":false,"footnotes":""},"categories":[77],"tags":[],"class_list":{"0":"post-69575","1":"post","2":"type-post","3":"status-publish","4":"format-standard","5":"has-post-thumbnail","7":"category-paranagua"},"jetpack_featured_media_url":"https:\/\/www.paranapraia.com.br\/wp-content\/uploads\/2025\/06\/16691-scaled.jpg","jetpack_sharing_enabled":true,"_links":{"self":[{"href":"https:\/\/www.paranapraia.com.br\/index.php\/wp-json\/wp\/v2\/posts\/69575"}],"collection":[{"href":"https:\/\/www.paranapraia.com.br\/index.php\/wp-json\/wp\/v2\/posts"}],"about":[{"href":"https:\/\/www.paranapraia.com.br\/index.php\/wp-json\/wp\/v2\/types\/post"}],"author":[{"embeddable":true,"href":"https:\/\/www.paranapraia.com.br\/index.php\/wp-json\/wp\/v2\/users\/2"}],"replies":[{"embeddable":true,"href":"https:\/\/www.paranapraia.com.br\/index.php\/wp-json\/wp\/v2\/comments?post=69575"}],"version-history":[{"count":1,"href":"https:\/\/www.paranapraia.com.br\/index.php\/wp-json\/wp\/v2\/posts\/69575\/revisions"}],"predecessor-version":[{"id":69577,"href":"https:\/\/www.paranapraia.com.br\/index.php\/wp-json\/wp\/v2\/posts\/69575\/revisions\/69577"}],"wp:featuredmedia":[{"embeddable":true,"href":"https:\/\/www.paranapraia.com.br\/index.php\/wp-json\/wp\/v2\/media\/69576"}],"wp:attachment":[{"href":"https:\/\/www.paranapraia.com.br\/index.php\/wp-json\/wp\/v2\/media?parent=69575"}],"wp:term":[{"taxonomy":"category","embeddable":true,"href":"https:\/\/www.paranapraia.com.br\/index.php\/wp-json\/wp\/v2\/categories?post=69575"},{"taxonomy":"post_tag","embeddable":true,"href":"https:\/\/www.paranapraia.com.br\/index.php\/wp-json\/wp\/v2\/tags?post=69575"}],"curies":[{"name":"wp","href":"https:\/\/api.w.org\/{rel}","templated":true}]}}