{"id":69572,"date":"2025-06-30T17:19:11","date_gmt":"2025-06-30T20:19:11","guid":{"rendered":"https:\/\/www.paranapraia.com.br\/?p=69572"},"modified":"2025-06-30T17:19:14","modified_gmt":"2025-06-30T20:19:14","slug":"refis-municipal-e-prorrogado-ate-31-de-julho-em-paranagua","status":"publish","type":"post","link":"https:\/\/www.paranapraia.com.br\/index.php\/2025\/06\/30\/refis-municipal-e-prorrogado-ate-31-de-julho-em-paranagua\/","title":{"rendered":"REFIS municipal \u00e9 prorrogado at\u00e9 31 de julho em Paranagu\u00e1"},"content":{"rendered":"\n<p>A Prefeitura Municipal de Paranagu\u00e1 prorrogou por mais 30 dias o prazo para ades\u00e3o ao Programa Especial de Recupera\u00e7\u00e3o Fiscal &#8211; REFIS Municipal. A nova data-limite passa a ser o dia 31 de julho de 2025. A medida foi oficializada por meio do Decreto n\u00ba 955 e publicado no Di\u00e1rio Oficial dos Munic\u00edpios do Paran\u00e1 desta segunda-feira (30), edi\u00e7\u00e3o n\u00ba 3308.<\/p>\n\n\n\n<p>\u201cEssa prorroga\u00e7\u00e3o foi pensada no contribuinte que muitas vezes precisa de mais tempo para estar em dia e agora ter\u00e1 esse m\u00eas de julho para ter os benef\u00edcios que o Refis oferece\u201d, disse a secret\u00e1ria da Fazenda, Ver\u00f4nica Marques.<\/p>\n\n\n\n<p>Para facilitar o acesso do contribuinte, o atendimento ocorrer\u00e1 tamb\u00e9m durante o hor\u00e1rio de almo\u00e7o.<\/p>\n\n\n\n<p>O REFIS Municipal permite que contribuintes com d\u00e9bitos junto ao munic\u00edpio regularizem sua situa\u00e7\u00e3o fiscal com condi\u00e7\u00f5es especiais de pagamento.<\/p>\n\n\n\n<p>Prefeitura de Paranagu\u00e1<\/p>\n","protected":false},"excerpt":{"rendered":"<p>A Prefeitura Municipal de Paranagu\u00e1 prorrogou por mais 30 dias o prazo para ades\u00e3o ao Programa Especial de Recupera\u00e7\u00e3o Fiscal &#8211; REFIS Municipal. A nova data-limite passa a ser o dia 31 de julho de 2025. A medida foi oficializada por meio do Decreto n\u00ba 955 e publicado no Di\u00e1rio Oficial dos Munic\u00edpios do Paran\u00e1 [&hellip;]<\/p>\n","protected":false},"author":2,"featured_media":69573,"comment_status":"open","ping_status":"open","sticky":false,"template":"","format":"standard","meta":{"advanced_seo_description":"","jetpack_seo_html_title":"","jetpack_seo_noindex":false,"_jetpack_memberships_contains_paid_content":false,"footnotes":""},"categories":[77],"tags":[],"class_list":{"0":"post-69572","1":"post","2":"type-post","3":"status-publish","4":"format-standard","5":"has-post-thumbnail","7":"category-paranagua"},"jetpack_featured_media_url":"https:\/\/www.paranapraia.com.br\/wp-content\/uploads\/2025\/06\/16690-scaled.jpg","jetpack_sharing_enabled":true,"_links":{"self":[{"href":"https:\/\/www.paranapraia.com.br\/index.php\/wp-json\/wp\/v2\/posts\/69572"}],"collection":[{"href":"https:\/\/www.paranapraia.com.br\/index.php\/wp-json\/wp\/v2\/posts"}],"about":[{"href":"https:\/\/www.paranapraia.com.br\/index.php\/wp-json\/wp\/v2\/types\/post"}],"author":[{"embeddable":true,"href":"https:\/\/www.paranapraia.com.br\/index.php\/wp-json\/wp\/v2\/users\/2"}],"replies":[{"embeddable":true,"href":"https:\/\/www.paranapraia.com.br\/index.php\/wp-json\/wp\/v2\/comments?post=69572"}],"version-history":[{"count":1,"href":"https:\/\/www.paranapraia.com.br\/index.php\/wp-json\/wp\/v2\/posts\/69572\/revisions"}],"predecessor-version":[{"id":69574,"href":"https:\/\/www.paranapraia.com.br\/index.php\/wp-json\/wp\/v2\/posts\/69572\/revisions\/69574"}],"wp:featuredmedia":[{"embeddable":true,"href":"https:\/\/www.paranapraia.com.br\/index.php\/wp-json\/wp\/v2\/media\/69573"}],"wp:attachment":[{"href":"https:\/\/www.paranapraia.com.br\/index.php\/wp-json\/wp\/v2\/media?parent=69572"}],"wp:term":[{"taxonomy":"category","embeddable":true,"href":"https:\/\/www.paranapraia.com.br\/index.php\/wp-json\/wp\/v2\/categories?post=69572"},{"taxonomy":"post_tag","embeddable":true,"href":"https:\/\/www.paranapraia.com.br\/index.php\/wp-json\/wp\/v2\/tags?post=69572"}],"curies":[{"name":"wp","href":"https:\/\/api.w.org\/{rel}","templated":true}]}}