{"id":69569,"date":"2025-06-30T17:14:34","date_gmt":"2025-06-30T20:14:34","guid":{"rendered":"https:\/\/www.paranapraia.com.br\/?p=69569"},"modified":"2025-06-30T17:14:37","modified_gmt":"2025-06-30T20:14:37","slug":"novo-projeto-leva-esporte-a-alunos-com-deficiencia-em-paranagua","status":"publish","type":"post","link":"https:\/\/www.paranapraia.com.br\/index.php\/2025\/06\/30\/novo-projeto-leva-esporte-a-alunos-com-deficiencia-em-paranagua\/","title":{"rendered":"Novo projeto leva esporte a alunos com defici\u00eancia em Paranagu\u00e1"},"content":{"rendered":"\n<p>A Prefeitura de Paranagu\u00e1 d\u00e1 mais um passo importante rumo \u00e0 constru\u00e7\u00e3o de uma cidade mais inclusiva. A partir de agosto, alunos com defici\u00eancia da rede municipal de ensino ter\u00e3o acesso a aulas de nata\u00e7\u00e3o adaptada, gra\u00e7as a uma parceria in\u00e9dita com o Projeto Coletivo Inclus\u00e3o, de Curitiba.<\/p>\n\n\n\n<p>A iniciativa \u00e9 gratuita e contar\u00e1 com a atua\u00e7\u00e3o de profissionais capacitados para atender as necessidades espec\u00edficas dos estudantes. Ser\u00e3o cerca de 60 crian\u00e7as e adolescentes beneficiados nesta primeira etapa, que promete ir al\u00e9m do esporte, promovendo autoestima, conviv\u00eancia e desenvolvimento integral.<\/p>\n\n\n\n<p>\u201cEstamos falando de inclus\u00e3o verdadeira, que respeita e valoriza a individualidade de cada aluno. O esporte \u00e9 uma das ferramentas mais eficazes para promover esse encontro entre educa\u00e7\u00e3o, sa\u00fade e cidadania\u201d, afirmou a secret\u00e1ria de Educa\u00e7\u00e3o, Fab\u00edola Soares Arcega.<\/p>\n\n\n\n<p>A sele\u00e7\u00e3o dos participantes ser\u00e1 realizada por uma equipe multidisciplinar das Secretarias Municipais de Educa\u00e7\u00e3o, Esporte e Inclus\u00e3o. O projeto tamb\u00e9m prev\u00ea expans\u00e3o para outras modalidades no futuro, como jud\u00f4 e basquete adaptado.<\/p>\n\n\n\n<p>A reuni\u00e3o de alinhamento contou com a presen\u00e7a do coordenador do Projeto Coletivo Inclus\u00e3o, Thiago Lu\u00eds Filipi, al\u00e9m de representantes das secretarias envolvidas, entre eles: S\u00edlvio Lucas, secret\u00e1rio de Esportes e Juventude, Thiago Casas Nascimento, diretor da Escola de Forma\u00e7\u00e3o Esportiva, Sandra Jos\u00e9 Vellozo, supervisora da Educa\u00e7\u00e3o Especial e Inclus\u00e3o, Juliana Bonardo, chefe de Educa\u00e7\u00e3o F\u00edsica \u2013 Corpo e Movimento, Abdul Fatteh Hamud e Sheila Regina Batista, da Secretaria de Inclus\u00e3o.<\/p>\n\n\n\n<p>Prefeitura de Paranagu\u00e1<\/p>\n","protected":false},"excerpt":{"rendered":"<p>A Prefeitura de Paranagu\u00e1 d\u00e1 mais um passo importante rumo \u00e0 constru\u00e7\u00e3o de uma cidade mais inclusiva. A partir de agosto, alunos com defici\u00eancia da rede municipal de ensino ter\u00e3o acesso a aulas de nata\u00e7\u00e3o adaptada, gra\u00e7as a uma parceria in\u00e9dita com o Projeto Coletivo Inclus\u00e3o, de Curitiba. A iniciativa \u00e9 gratuita e contar\u00e1 com [&hellip;]<\/p>\n","protected":false},"author":2,"featured_media":69570,"comment_status":"open","ping_status":"open","sticky":false,"template":"","format":"standard","meta":{"advanced_seo_description":"","jetpack_seo_html_title":"","jetpack_seo_noindex":false,"_jetpack_memberships_contains_paid_content":false,"footnotes":""},"categories":[77],"tags":[],"class_list":{"0":"post-69569","1":"post","2":"type-post","3":"status-publish","4":"format-standard","5":"has-post-thumbnail","7":"category-paranagua"},"jetpack_featured_media_url":"https:\/\/www.paranapraia.com.br\/wp-content\/uploads\/2025\/06\/16688-scaled.jpg","jetpack_sharing_enabled":true,"_links":{"self":[{"href":"https:\/\/www.paranapraia.com.br\/index.php\/wp-json\/wp\/v2\/posts\/69569"}],"collection":[{"href":"https:\/\/www.paranapraia.com.br\/index.php\/wp-json\/wp\/v2\/posts"}],"about":[{"href":"https:\/\/www.paranapraia.com.br\/index.php\/wp-json\/wp\/v2\/types\/post"}],"author":[{"embeddable":true,"href":"https:\/\/www.paranapraia.com.br\/index.php\/wp-json\/wp\/v2\/users\/2"}],"replies":[{"embeddable":true,"href":"https:\/\/www.paranapraia.com.br\/index.php\/wp-json\/wp\/v2\/comments?post=69569"}],"version-history":[{"count":1,"href":"https:\/\/www.paranapraia.com.br\/index.php\/wp-json\/wp\/v2\/posts\/69569\/revisions"}],"predecessor-version":[{"id":69571,"href":"https:\/\/www.paranapraia.com.br\/index.php\/wp-json\/wp\/v2\/posts\/69569\/revisions\/69571"}],"wp:featuredmedia":[{"embeddable":true,"href":"https:\/\/www.paranapraia.com.br\/index.php\/wp-json\/wp\/v2\/media\/69570"}],"wp:attachment":[{"href":"https:\/\/www.paranapraia.com.br\/index.php\/wp-json\/wp\/v2\/media?parent=69569"}],"wp:term":[{"taxonomy":"category","embeddable":true,"href":"https:\/\/www.paranapraia.com.br\/index.php\/wp-json\/wp\/v2\/categories?post=69569"},{"taxonomy":"post_tag","embeddable":true,"href":"https:\/\/www.paranapraia.com.br\/index.php\/wp-json\/wp\/v2\/tags?post=69569"}],"curies":[{"name":"wp","href":"https:\/\/api.w.org\/{rel}","templated":true}]}}