{"id":69556,"date":"2025-06-30T16:56:59","date_gmt":"2025-06-30T19:56:59","guid":{"rendered":"https:\/\/www.paranapraia.com.br\/?p=69556"},"modified":"2025-06-30T16:57:02","modified_gmt":"2025-06-30T19:57:02","slug":"tradicao-caicara-e-competicoes-marcam-a-3a-festa-dos-pescadores-em-pontal-do-parana","status":"publish","type":"post","link":"https:\/\/www.paranapraia.com.br\/index.php\/2025\/06\/30\/tradicao-caicara-e-competicoes-marcam-a-3a-festa-dos-pescadores-em-pontal-do-parana\/","title":{"rendered":"Tradi\u00e7\u00e3o Cai\u00e7ara e competi\u00e7\u00f5es marcam a 3\u00aa Festa dos Pescadores em Pontal do Paran\u00e1"},"content":{"rendered":"\n<p>A 3\u00aa edi\u00e7\u00e3o da Festa dos Pescadores reuniu centenas de pessoas neste domingo (29), no Mercado do Peixe Jo\u00e3o Linhares, em Pontal do Sul. A escolha do dia 29 de junho n\u00e3o foi por acaso. A data marca o Dia de S\u00e3o Pedro, padroeiro dos pescadores, e tamb\u00e9m o Dia do Pescador, reconhecendo a import\u00e2ncia de quem vive do mar para as comunidades litor\u00e2neas.<\/p>\n\n\n\n<p>O <a><\/a>evento, realizado das 9h \u00e0s 17h, contou com a participa\u00e7\u00e3o de mais de 200 pescadores e moradores da regi\u00e3o, em um dia marcado por competi\u00e7\u00f5es tradicionais, m\u00fasica ao vivo e valoriza\u00e7\u00e3o dos costumes cai\u00e7ara.<\/p>\n\n\n\n<p>Organizada pela Col\u00f4nia Z-5 de Shangri-l\u00e1, e de associa\u00e7\u00f5es locais, com o apoio da Prefeitura de Pontal do Paran\u00e1 e do com\u00e9rcio local, a festa trouxe uma programa\u00e7\u00e3o dedicada \u00e0 pesca artesanal e ao modo de vida das comunidades litor\u00e2neas.<\/p>\n\n\n\n<p>Entre as atividades, estavam provas como arremesso de tarrafa, entralhe de rede, descasque de camar\u00e3o e preparo do melhor prato com tainha, desafios que empolgaram os participantes e o p\u00fablico.<\/p>\n\n\n\n<p>Durante o evento, tamb\u00e9m foi realizada a Assinatura do Termo da Permiss\u00e3o de Uso do Mercado de Pescados para a Associa\u00e7\u00e3o de Pesca e Aquicultura Cai\u00e7ara de Pontal do Sul.<\/p>\n\n\n\n<p>Participaram do ato o prefeito de Pontal do Paran\u00e1 Rud\u00e3o Gimenes, a vice-prefeita Patricia Millo Marcomini, o secret\u00e1rio Municipal de Governo,Fabio de Oliveira; a presidente da C\u00e2mara Municipal, vereadora Elinete Guimar\u00e3es Rocha, as vereadoras Any Messina e Cleonice Silva do Nascimento, os vereadores Jos\u00e9 Juvanete Pereira e Nei da Pesca, o deputado estadual Anibelli Neto, o presidente da Col\u00f4nia Z-5, Rubens Marcelino da Veiga (Rubinho), Secretaria Municipal de Turismo e Desenvolvimento Econ\u00f4mico, Luciana Goldschmidt; o secret\u00e1rio municipal de Meio Ambiente, Agricultura e Pesca, Jackson Cesar Bassfeld, e Jucilene Neves Mendes, presidente da Associa\u00e7\u00e3o de Pesca e Aquicultura Cai\u00e7ara de Pontal do Sul.<\/p>\n\n\n\n<p>Al\u00e9m das competi\u00e7\u00f5es e do ato oficial, a programa\u00e7\u00e3o contou com sorteio de equipamentos usados no dia a dia da pesca e um show com o cantor Julian, que animou o p\u00fablico presente.<\/p>\n\n\n\n<p>O prefeito Rud\u00e3o Gimenes acompanhou de perto as atividades e ressaltou o empenho dos pescadores nas competi\u00e7\u00f5es. Segundo ele, \u201cEles se divertem, mas levam a s\u00e9rio. Dizem que \u00e9 brincadeira, mas ningu\u00e9m quer perder. \u00c9 um momento de lazer, mas tamb\u00e9m de muito envolvimento.\u201d Rud\u00e3o tamb\u00e9m falou sobre os avan\u00e7os conquistados na regi\u00e3o, destacando melhorias em infraestrutura e qualidade de vida. \u201cJ\u00e1 realizamos obras importantes e agora estamos focados no trapiche, al\u00e9m de um projeto de arboriza\u00e7\u00e3o para trazer mais conforto e beleza ao local\u201d, explicou.<\/p>\n\n\n\n<p>O deputado estadual Anibelli Neto agradeceu a oportunidade de participar do Dia do Pescador e ressaltou a import\u00e2ncia do evento para a regi\u00e3o. Ele afirmou ter orgulho de representar Pontal do Paran\u00e1 na Assembleia Legislativa e destacou a experi\u00eancia de conhecer mais de perto o cotidiano dos pescadores. Segundo Anibelli, foi uma alegria acompanhar as atividades, observar o arremesso de tarrafa, saborear a tainha preparada \u00e0 moda cai\u00e7ara e reencontrar amigos da comunidade.<\/p>\n\n\n\n<p>Prefeitura de Pontal do Paran\u00e1<\/p>\n","protected":false},"excerpt":{"rendered":"<p>A 3\u00aa edi\u00e7\u00e3o da Festa dos Pescadores reuniu centenas de pessoas neste domingo (29), no Mercado do Peixe Jo\u00e3o Linhares, em Pontal do Sul. A escolha do dia 29 de junho n\u00e3o foi por acaso. A data marca o Dia de S\u00e3o Pedro, padroeiro dos pescadores, e tamb\u00e9m o Dia do Pescador, reconhecendo a import\u00e2ncia [&hellip;]<\/p>\n","protected":false},"author":2,"featured_media":69557,"comment_status":"open","ping_status":"open","sticky":false,"template":"","format":"standard","meta":{"advanced_seo_description":"","jetpack_seo_html_title":"","jetpack_seo_noindex":false,"_jetpack_memberships_contains_paid_content":false,"footnotes":""},"categories":[65],"tags":[],"class_list":{"0":"post-69556","1":"post","2":"type-post","3":"status-publish","4":"format-standard","5":"has-post-thumbnail","7":"category-pontal-do-parana"},"jetpack_featured_media_url":"https:\/\/www.paranapraia.com.br\/wp-content\/uploads\/2025\/06\/514314590_1073484021547221_8231543843052927496_n-scaled.jpg","jetpack_sharing_enabled":true,"_links":{"self":[{"href":"https:\/\/www.paranapraia.com.br\/index.php\/wp-json\/wp\/v2\/posts\/69556"}],"collection":[{"href":"https:\/\/www.paranapraia.com.br\/index.php\/wp-json\/wp\/v2\/posts"}],"about":[{"href":"https:\/\/www.paranapraia.com.br\/index.php\/wp-json\/wp\/v2\/types\/post"}],"author":[{"embeddable":true,"href":"https:\/\/www.paranapraia.com.br\/index.php\/wp-json\/wp\/v2\/users\/2"}],"replies":[{"embeddable":true,"href":"https:\/\/www.paranapraia.com.br\/index.php\/wp-json\/wp\/v2\/comments?post=69556"}],"version-history":[{"count":1,"href":"https:\/\/www.paranapraia.com.br\/index.php\/wp-json\/wp\/v2\/posts\/69556\/revisions"}],"predecessor-version":[{"id":69558,"href":"https:\/\/www.paranapraia.com.br\/index.php\/wp-json\/wp\/v2\/posts\/69556\/revisions\/69558"}],"wp:featuredmedia":[{"embeddable":true,"href":"https:\/\/www.paranapraia.com.br\/index.php\/wp-json\/wp\/v2\/media\/69557"}],"wp:attachment":[{"href":"https:\/\/www.paranapraia.com.br\/index.php\/wp-json\/wp\/v2\/media?parent=69556"}],"wp:term":[{"taxonomy":"category","embeddable":true,"href":"https:\/\/www.paranapraia.com.br\/index.php\/wp-json\/wp\/v2\/categories?post=69556"},{"taxonomy":"post_tag","embeddable":true,"href":"https:\/\/www.paranapraia.com.br\/index.php\/wp-json\/wp\/v2\/tags?post=69556"}],"curies":[{"name":"wp","href":"https:\/\/api.w.org\/{rel}","templated":true}]}}