{"id":69553,"date":"2025-06-30T14:49:27","date_gmt":"2025-06-30T17:49:27","guid":{"rendered":"https:\/\/www.paranapraia.com.br\/?p=69553"},"modified":"2025-06-30T14:49:30","modified_gmt":"2025-06-30T17:49:30","slug":"entrega-de-oculos-beneficia-89-alunos-da-rede-publica-de-morretes-pelo-programa-bons-olhos-parana","status":"publish","type":"post","link":"https:\/\/www.paranapraia.com.br\/index.php\/2025\/06\/30\/entrega-de-oculos-beneficia-89-alunos-da-rede-publica-de-morretes-pelo-programa-bons-olhos-parana\/","title":{"rendered":"Entrega de \u00f3culos beneficia 89 alunos da rede p\u00fablica de Morretes pelo Programa Bons Olhos Paran\u00e1"},"content":{"rendered":"\n<p>A \u00faltima sexta-feira (27) foi marcada por um importante avan\u00e7o na promo\u00e7\u00e3o da sa\u00fade visual dos estudantes de Morretes. Em parceria com o Governo do Estado, o munic\u00edpio realizou a entrega de\u00a089 \u00f3culos gratuitos\u00a0a alunos da rede p\u00fablica, por meio do\u00a0Programa Bons Olhos Paran\u00e1. A a\u00e7\u00e3o faz parte de uma iniciativa estadual que visa atender crian\u00e7as e adolescentes de 6 a 17 anos em situa\u00e7\u00e3o de vulnerabilidade, garantindo melhores condi\u00e7\u00f5es de aprendizagem e mais qualidade de vida.<\/p>\n\n\n\n<p>A entrega aconteceu ap\u00f3s uma triagem realizada ao longo dos meses de abril e maio, que envolveu cerca de\u00a02 mil alunos\u00a0das escolas municipais e estaduais de Morretes. Durante esse per\u00edodo, os estudantes passaram por consultas oftalmol\u00f3gicas gratuitas, com atendimento especializado. Os alunos que apresentaram necessidade de corre\u00e7\u00e3o visual foram contemplados com \u00f3culos com lentes antirreflexo e arma\u00e7\u00f5es confort\u00e1veis em acetato.<\/p>\n\n\n\n<p>Segundo o prefeito\u00a0Junior Brindarolli, a a\u00e7\u00e3o tem impacto direto no rendimento escolar e reflete o compromisso do munic\u00edpio com a educa\u00e7\u00e3o de qualidade.<\/p>\n\n\n\n<p>\u201cCom certeza, esses \u00f3culos v\u00e3o contribuir para melhores resultados no nosso Ideb, refletindo diretamente na qualidade da educa\u00e7\u00e3o e, consequentemente, na destina\u00e7\u00e3o de mais recursos para Morretes\u201d,\u00a0destacou o prefeito.<\/p>\n\n\n\n<p>O secret\u00e1rio estadual do Desenvolvimento Social e Fam\u00edlia,\u00a0Rog\u00e9rio Carboni, esteve presente na entrega e refor\u00e7ou a import\u00e2ncia do programa.<\/p>\n\n\n\n<p>\u201cO Bons Olhos Paran\u00e1 contribui para a melhoria no desempenho escolar e na qualidade de vida dos estudantes. Essa \u00e9 uma resposta concreta \u00e0s necessidades de sa\u00fade ocular da inf\u00e2ncia e juventude paranaenses\u201d,\u00a0afirmou.<\/p>\n\n\n\n<p>Entre os pais presentes na entrega, o profissional aut\u00f4nomo\u00a0Giorgio de Luca Bet, de 28 anos, compartilhou sua emo\u00e7\u00e3o ao ver a filha\u00a0Ol\u00edvia Oz\u00f3rio Bet, de 6 anos, receber os \u00f3culos.<\/p>\n\n\n\n<p>\u201cFoi uma surpresa descobrir que ela tinha problema de vis\u00e3o. Quando eu era crian\u00e7a, minha m\u00e3e precisou arcar com todos os custos. Hoje, ver minha filha recebendo esse apoio me deixa muito grato. Ela vai poder estudar melhor e ter mais oportunidades\u201d,\u00a0comentou.<\/p>\n\n\n\n<p>O Programa Bons Olhos Paran\u00e1 \u00e9 promovido pela\u00a0Secretaria de Desenvolvimento Social e Fam\u00edlia\u00a0e financiado com recursos do\u00a0Fundo para a Inf\u00e2ncia e Adolesc\u00eancia (FIA). Em todo o Estado, j\u00e1 foram entregues\u00a01.335 \u00f3culos, e a meta \u00e9 atender mais de\u00a010 mil estudantes\u00a0em 93 munic\u00edpios, com um investimento estimado em\u00a0R$ 5,5 milh\u00f5es.<\/p>\n\n\n\n<p>A a\u00e7\u00e3o reflete o cuidado e a responsabilidade social de Morretes com o futuro das crian\u00e7as e adolescentes, por meio da integra\u00e7\u00e3o entre sa\u00fade e educa\u00e7\u00e3o. O trabalho conjunto das Secretarias Municipais de\u00a0Educa\u00e7\u00e3o\u00a0e\u00a0Assist\u00eancia Social\u00a0fortalece o compromisso com uma educa\u00e7\u00e3o mais inclusiva, igualit\u00e1ria e atenta \u00e0s necessidades dos alunos.<\/p>\n\n\n\n<p>Prefeitura de Morretes<\/p>\n","protected":false},"excerpt":{"rendered":"<p>A \u00faltima sexta-feira (27) foi marcada por um importante avan\u00e7o na promo\u00e7\u00e3o da sa\u00fade visual dos estudantes de Morretes. Em parceria com o Governo do Estado, o munic\u00edpio realizou a entrega de\u00a089 \u00f3culos gratuitos\u00a0a alunos da rede p\u00fablica, por meio do\u00a0Programa Bons Olhos Paran\u00e1. A a\u00e7\u00e3o faz parte de uma iniciativa estadual que visa atender [&hellip;]<\/p>\n","protected":false},"author":2,"featured_media":69554,"comment_status":"open","ping_status":"open","sticky":false,"template":"","format":"standard","meta":{"advanced_seo_description":"","jetpack_seo_html_title":"","jetpack_seo_noindex":false,"_jetpack_memberships_contains_paid_content":false,"footnotes":""},"categories":[125],"tags":[],"class_list":{"0":"post-69553","1":"post","2":"type-post","3":"status-publish","4":"format-standard","5":"has-post-thumbnail","7":"category-morretes"},"jetpack_featured_media_url":"https:\/\/www.paranapraia.com.br\/wp-content\/uploads\/2025\/06\/img6538-scaled.jpg","jetpack_sharing_enabled":true,"_links":{"self":[{"href":"https:\/\/www.paranapraia.com.br\/index.php\/wp-json\/wp\/v2\/posts\/69553"}],"collection":[{"href":"https:\/\/www.paranapraia.com.br\/index.php\/wp-json\/wp\/v2\/posts"}],"about":[{"href":"https:\/\/www.paranapraia.com.br\/index.php\/wp-json\/wp\/v2\/types\/post"}],"author":[{"embeddable":true,"href":"https:\/\/www.paranapraia.com.br\/index.php\/wp-json\/wp\/v2\/users\/2"}],"replies":[{"embeddable":true,"href":"https:\/\/www.paranapraia.com.br\/index.php\/wp-json\/wp\/v2\/comments?post=69553"}],"version-history":[{"count":1,"href":"https:\/\/www.paranapraia.com.br\/index.php\/wp-json\/wp\/v2\/posts\/69553\/revisions"}],"predecessor-version":[{"id":69555,"href":"https:\/\/www.paranapraia.com.br\/index.php\/wp-json\/wp\/v2\/posts\/69553\/revisions\/69555"}],"wp:featuredmedia":[{"embeddable":true,"href":"https:\/\/www.paranapraia.com.br\/index.php\/wp-json\/wp\/v2\/media\/69554"}],"wp:attachment":[{"href":"https:\/\/www.paranapraia.com.br\/index.php\/wp-json\/wp\/v2\/media?parent=69553"}],"wp:term":[{"taxonomy":"category","embeddable":true,"href":"https:\/\/www.paranapraia.com.br\/index.php\/wp-json\/wp\/v2\/categories?post=69553"},{"taxonomy":"post_tag","embeddable":true,"href":"https:\/\/www.paranapraia.com.br\/index.php\/wp-json\/wp\/v2\/tags?post=69553"}],"curies":[{"name":"wp","href":"https:\/\/api.w.org\/{rel}","templated":true}]}}