{"id":69548,"date":"2025-06-30T14:44:02","date_gmt":"2025-06-30T17:44:02","guid":{"rendered":"https:\/\/www.paranapraia.com.br\/?p=69548"},"modified":"2025-06-30T14:44:05","modified_gmt":"2025-06-30T17:44:05","slug":"cursos-gratuitos-oportunidade-de-qualificacao-profissional-com-o-senac-em-guaratuba","status":"publish","type":"post","link":"https:\/\/www.paranapraia.com.br\/index.php\/2025\/06\/30\/cursos-gratuitos-oportunidade-de-qualificacao-profissional-com-o-senac-em-guaratuba\/","title":{"rendered":"Cursos gratuitos: oportunidade de qualifica\u00e7\u00e3o profissional com o Senac em Guaratuba"},"content":{"rendered":"\n<p>Guaratuba ter\u00e1 tr\u00eas cursos gratuitos de capacita\u00e7\u00e3o profissional oferecidos pelo Senac, em uma parceria entre a Secretaria de Estado do Trabalho, Qualifica\u00e7\u00e3o e Renda (SETR) e a Prefeitura de Guaratuba entre julho e agosto. Os cursos tem por objetivo qualificar a popula\u00e7\u00e3o em \u00e1reas pr\u00e1ticas, com foco na gera\u00e7\u00e3o de renda e no fortalecimento do turismo local.<\/p>\n\n\n\n<p>O primeiro curso, Produ\u00e7\u00e3o de P\u00e3es <a><\/a>doces e salgados, ser\u00e1 realizado entre os dias 7 e 11 de julho, das 19h \u00e0s 22h, no Centro de Capacita\u00e7\u00e3o e Gera\u00e7\u00e3o de Renda &#8211; Cecager (Av. \u00c1gua Verde, n\u00ba 1092, Pi\u00e7arras). Com carga hor\u00e1ria de 15 horas, a capacita\u00e7\u00e3o visa ensinar aos participantes o preparo de diferentes tipos de p\u00e3es, respeitando as boas pr\u00e1ticas de manipula\u00e7\u00e3o de alimentos. Esta \u00e9 uma excelente oportunidade para quem deseja empreender no ramo da panifica\u00e7\u00e3o ou aperfei\u00e7oar t\u00e9cnicas j\u00e1 conhecidas.<\/p>\n\n\n\n<p>Na semana seguinte, de 14 a 18 de julho, tamb\u00e9m no Cecager, ser\u00e1 oferecido o curso de Preparo de Pizzas, com o mesmo hor\u00e1rio e carga hor\u00e1ria. O conte\u00fado abrange desde a prepara\u00e7\u00e3o de massas e molhos at\u00e9 a montagem e finaliza\u00e7\u00e3o das pizzas, atendendo tanto iniciantes quanto pessoas que j\u00e1 atuam na \u00e1rea da gastronomia e desejam se especializar.<\/p>\n\n\n\n<p>Encerrando a programa\u00e7\u00e3o, entre os dias 4 e 12 de agosto, ser\u00e1 oferecido o curso Qualidade no Atendimento ao Turista, com aulas no Audit\u00f3rio da Prefeitura de Guaratuba (Av. Dr. Jo\u00e3o C\u00e2ndido, n\u00ba 380, no Centro). As aulas ocorrer\u00e3o das 14h \u00e0s 17h, totalizando 21 horas de conte\u00fado. O curso tem como foco capacitar profissionais e interessados em atuar no setor tur\u00edstico, ensinando t\u00e9cnicas de atendimento e fornecimento de informa\u00e7\u00f5es relevantes sobre a cidade e regi\u00e3o, visando melhorar a experi\u00eancia dos visitantes.<\/p>\n\n\n\n<p>As inscri\u00e7\u00f5es para os cursos de Produ\u00e7\u00e3o de P\u00e3es doces e salgados e Preparo de Pizzas podem ser feitos na Ag\u00eancia do Trababalhador na Rua Dr. Carlos Cavalcante, n\u00b0278, Centro.<\/p>\n\n\n\n<p>J\u00e1 a inscri\u00e7\u00e3o para o curso de Qualidade no Atendimento ao Turista, pelo link:<\/p>\n\n\n\n<p><a href=\"https:\/\/www.pr.senac.br\/cursos\/?uep=34&amp;tc=202500081\">https:\/\/www.pr.senac.br\/cursos\/?uep=34&amp;tc=202500081<\/a><\/p>\n\n\n\n<p>A iniciativa representa um importante passo para a valoriza\u00e7\u00e3o da m\u00e3o de obra local e para o fortalecimento da economia de Guaratuba, oferecendo capacita\u00e7\u00e3o de qualidade de forma acess\u00edvel a todos.<\/p>\n\n\n\n<p>Para mais informa\u00e7\u00f5es, fale com a Ag\u00eancia do Trabalhador no telefone: 41 3472 8591 (whatsapp).<\/p>\n\n\n\n<figure class=\"wp-block-gallery has-nested-images columns-default is-cropped wp-block-gallery-1 is-layout-flex wp-block-gallery-is-layout-flex\">\n<figure class=\"wp-block-image size-large\"><img loading=\"lazy\" decoding=\"async\" width=\"640\" height=\"800\" data-id=\"69551\" src=\"https:\/\/www.paranapraia.com.br\/wp-content\/uploads\/2025\/06\/514090902_1142063251288186_2922650565988417616_n-1-scaled.jpg\" alt=\"\" class=\"wp-image-69551\" srcset=\"https:\/\/www.paranapraia.com.br\/wp-content\/uploads\/2025\/06\/514090902_1142063251288186_2922650565988417616_n-1-scaled.jpg 640w, https:\/\/www.paranapraia.com.br\/wp-content\/uploads\/2025\/06\/514090902_1142063251288186_2922650565988417616_n-1-240x300.jpg 240w, https:\/\/www.paranapraia.com.br\/wp-content\/uploads\/2025\/06\/514090902_1142063251288186_2922650565988417616_n-1-696x870.jpg 696w\" sizes=\"(max-width: 640px) 100vw, 640px\" \/><\/figure>\n\n\n\n<figure class=\"wp-block-image size-large\"><img loading=\"lazy\" decoding=\"async\" width=\"640\" height=\"800\" data-id=\"69550\" src=\"https:\/\/www.paranapraia.com.br\/wp-content\/uploads\/2025\/06\/514543354_1142063274621517_2917573571091980025_n-1-scaled.jpg\" alt=\"\" class=\"wp-image-69550\" srcset=\"https:\/\/www.paranapraia.com.br\/wp-content\/uploads\/2025\/06\/514543354_1142063274621517_2917573571091980025_n-1-scaled.jpg 640w, https:\/\/www.paranapraia.com.br\/wp-content\/uploads\/2025\/06\/514543354_1142063274621517_2917573571091980025_n-1-240x300.jpg 240w, https:\/\/www.paranapraia.com.br\/wp-content\/uploads\/2025\/06\/514543354_1142063274621517_2917573571091980025_n-1-696x870.jpg 696w\" sizes=\"(max-width: 640px) 100vw, 640px\" \/><\/figure>\n\n\n\n<figure class=\"wp-block-image size-large\"><img loading=\"lazy\" decoding=\"async\" width=\"641\" height=\"800\" data-id=\"69549\" src=\"https:\/\/www.paranapraia.com.br\/wp-content\/uploads\/2025\/06\/514192166_1142063267954851_3063352549786806997_n-1-scaled.jpg\" alt=\"\" class=\"wp-image-69549\" srcset=\"https:\/\/www.paranapraia.com.br\/wp-content\/uploads\/2025\/06\/514192166_1142063267954851_3063352549786806997_n-1-scaled.jpg 641w, https:\/\/www.paranapraia.com.br\/wp-content\/uploads\/2025\/06\/514192166_1142063267954851_3063352549786806997_n-1-240x300.jpg 240w, https:\/\/www.paranapraia.com.br\/wp-content\/uploads\/2025\/06\/514192166_1142063267954851_3063352549786806997_n-1-696x869.jpg 696w\" sizes=\"(max-width: 641px) 100vw, 641px\" \/><\/figure>\n<\/figure>\n\n\n\n<p>Prefeitura de Guaratuba<\/p>\n","protected":false},"excerpt":{"rendered":"<p>Guaratuba ter\u00e1 tr\u00eas cursos gratuitos de capacita\u00e7\u00e3o profissional oferecidos pelo Senac, em uma parceria entre a Secretaria de Estado do Trabalho, Qualifica\u00e7\u00e3o e Renda (SETR) e a Prefeitura de Guaratuba entre julho e agosto. Os cursos tem por objetivo qualificar a popula\u00e7\u00e3o em \u00e1reas pr\u00e1ticas, com foco na gera\u00e7\u00e3o de renda e no fortalecimento do [&hellip;]<\/p>\n","protected":false},"author":2,"featured_media":69542,"comment_status":"open","ping_status":"open","sticky":false,"template":"","format":"standard","meta":{"advanced_seo_description":"","jetpack_seo_html_title":"","jetpack_seo_noindex":false,"_jetpack_memberships_contains_paid_content":false,"footnotes":""},"categories":[99],"tags":[],"class_list":{"0":"post-69548","1":"post","2":"type-post","3":"status-publish","4":"format-standard","5":"has-post-thumbnail","7":"category-guaratuba"},"jetpack_featured_media_url":"https:\/\/www.paranapraia.com.br\/wp-content\/uploads\/2025\/06\/WhatsApp-Image-2025-06-30-at-14.36.40.jpeg","jetpack_sharing_enabled":true,"_links":{"self":[{"href":"https:\/\/www.paranapraia.com.br\/index.php\/wp-json\/wp\/v2\/posts\/69548"}],"collection":[{"href":"https:\/\/www.paranapraia.com.br\/index.php\/wp-json\/wp\/v2\/posts"}],"about":[{"href":"https:\/\/www.paranapraia.com.br\/index.php\/wp-json\/wp\/v2\/types\/post"}],"author":[{"embeddable":true,"href":"https:\/\/www.paranapraia.com.br\/index.php\/wp-json\/wp\/v2\/users\/2"}],"replies":[{"embeddable":true,"href":"https:\/\/www.paranapraia.com.br\/index.php\/wp-json\/wp\/v2\/comments?post=69548"}],"version-history":[{"count":1,"href":"https:\/\/www.paranapraia.com.br\/index.php\/wp-json\/wp\/v2\/posts\/69548\/revisions"}],"predecessor-version":[{"id":69552,"href":"https:\/\/www.paranapraia.com.br\/index.php\/wp-json\/wp\/v2\/posts\/69548\/revisions\/69552"}],"wp:featuredmedia":[{"embeddable":true,"href":"https:\/\/www.paranapraia.com.br\/index.php\/wp-json\/wp\/v2\/media\/69542"}],"wp:attachment":[{"href":"https:\/\/www.paranapraia.com.br\/index.php\/wp-json\/wp\/v2\/media?parent=69548"}],"wp:term":[{"taxonomy":"category","embeddable":true,"href":"https:\/\/www.paranapraia.com.br\/index.php\/wp-json\/wp\/v2\/categories?post=69548"},{"taxonomy":"post_tag","embeddable":true,"href":"https:\/\/www.paranapraia.com.br\/index.php\/wp-json\/wp\/v2\/tags?post=69548"}],"curies":[{"name":"wp","href":"https:\/\/api.w.org\/{rel}","templated":true}]}}