{"id":69527,"date":"2025-06-30T13:23:44","date_gmt":"2025-06-30T16:23:44","guid":{"rendered":"https:\/\/www.paranapraia.com.br\/?p=69527"},"modified":"2025-06-30T13:23:47","modified_gmt":"2025-06-30T16:23:47","slug":"jovem-de-23-anos-monitorado-por-tornozeleira-eletronica-e-executado-a-tiros-em-paranagua","status":"publish","type":"post","link":"https:\/\/www.paranapraia.com.br\/index.php\/2025\/06\/30\/jovem-de-23-anos-monitorado-por-tornozeleira-eletronica-e-executado-a-tiros-em-paranagua\/","title":{"rendered":"Jovem de 23 anos monitorado por tornozeleira eletr\u00f4nica \u00e9 executado a tiros em Paranagu\u00e1"},"content":{"rendered":"\n<p>Na madrugada desta quinta-feira (19), um homic\u00eddio chamou a aten\u00e7\u00e3o dos moradores do Bairro Ponta do Caju, em Paranagu\u00e1. Eliel Souza Filho, de 23 anos, foi executado com diversos disparos de arma de fogo na regi\u00e3o da Pra\u00e7a do Jap\u00e3o, local conhecido e movimentado da cidade.<\/p>\n\n\n\n<p>Segundo informa\u00e7\u00f5es de populares, Eliel havia acabado de sair de uma casa de shows situada em frente \u00e0 pra\u00e7a, quando foi surpreendido pelos criminosos. Ele foi atingido por v\u00e1rios tiros, principalmente na regi\u00e3o da cabe\u00e7a e do t\u00f3rax, caindo no lago da pra\u00e7a logo em seguida. Relatos apontam que, ap\u00f3s o atentado, os autores do crime ainda teriam roubado pertences da v\u00edtima, que j\u00e1 estava sem vida.<\/p>\n\n\n\n<p>Eliel era morador da Vila Guarani, possu\u00eda antecedentes criminais e utilizava tornozeleira eletr\u00f4nica, o que indica que j\u00e1 estava em cumprimento de medidas judiciais. O corpo foi recolhido pelo Instituto M\u00e9dico-Legal (IML) de Paranagu\u00e1, onde passou por exames periciais.<\/p>\n\n\n\n<p>A Pol\u00edcia Civil do Paran\u00e1 (PCPR) investiga o caso. At\u00e9 o momento, n\u00e3o h\u00e1 informa\u00e7\u00f5es sobre a motiva\u00e7\u00e3o ou a autoria do crime.<\/p>\n\n\n\n<p>Este \u00e9 o 20\u00ba homic\u00eddio registrado em Paranagu\u00e1 em 2025, e o 33\u00ba em todo o litoral do estado, n\u00fameros que evidenciam a escalada da viol\u00eancia na regi\u00e3o.<\/p>\n\n\n\n<p>Mais uma vez, a cidade se depara com o triste cen\u00e1rio de um jovem envolvido no caminho errado, cujas escolhas resultaram em um desfecho tr\u00e1gico, deixando para tr\u00e1s familiares e amigos em sofrimento.<\/p>\n\n\n\n<p>Fonte: Pol\u00edcia Militar<br>Foto: Redes sociais<\/p>\n","protected":false},"excerpt":{"rendered":"<p>Na madrugada desta quinta-feira (19), um homic\u00eddio chamou a aten\u00e7\u00e3o dos moradores do Bairro Ponta do Caju, em Paranagu\u00e1. Eliel Souza Filho, de 23 anos, foi executado com diversos disparos de arma de fogo na regi\u00e3o da Pra\u00e7a do Jap\u00e3o, local conhecido e movimentado da cidade. Segundo informa\u00e7\u00f5es de populares, Eliel havia acabado de sair [&hellip;]<\/p>\n","protected":false},"author":2,"featured_media":69528,"comment_status":"open","ping_status":"open","sticky":false,"template":"","format":"standard","meta":{"advanced_seo_description":"","jetpack_seo_html_title":"","jetpack_seo_noindex":false,"_jetpack_memberships_contains_paid_content":false,"footnotes":""},"categories":[77,33],"tags":[1292,1291,321],"class_list":{"0":"post-69527","1":"post","2":"type-post","3":"status-publish","4":"format-standard","5":"has-post-thumbnail","7":"category-paranagua","8":"category-policia","9":"tag-jovem","10":"tag-morto","11":"tag-paranagua"},"jetpack_featured_media_url":"https:\/\/www.paranapraia.com.br\/wp-content\/uploads\/2025\/06\/FB_IMG_1751300498000-scaled.jpg","jetpack_sharing_enabled":true,"_links":{"self":[{"href":"https:\/\/www.paranapraia.com.br\/index.php\/wp-json\/wp\/v2\/posts\/69527"}],"collection":[{"href":"https:\/\/www.paranapraia.com.br\/index.php\/wp-json\/wp\/v2\/posts"}],"about":[{"href":"https:\/\/www.paranapraia.com.br\/index.php\/wp-json\/wp\/v2\/types\/post"}],"author":[{"embeddable":true,"href":"https:\/\/www.paranapraia.com.br\/index.php\/wp-json\/wp\/v2\/users\/2"}],"replies":[{"embeddable":true,"href":"https:\/\/www.paranapraia.com.br\/index.php\/wp-json\/wp\/v2\/comments?post=69527"}],"version-history":[{"count":1,"href":"https:\/\/www.paranapraia.com.br\/index.php\/wp-json\/wp\/v2\/posts\/69527\/revisions"}],"predecessor-version":[{"id":69529,"href":"https:\/\/www.paranapraia.com.br\/index.php\/wp-json\/wp\/v2\/posts\/69527\/revisions\/69529"}],"wp:featuredmedia":[{"embeddable":true,"href":"https:\/\/www.paranapraia.com.br\/index.php\/wp-json\/wp\/v2\/media\/69528"}],"wp:attachment":[{"href":"https:\/\/www.paranapraia.com.br\/index.php\/wp-json\/wp\/v2\/media?parent=69527"}],"wp:term":[{"taxonomy":"category","embeddable":true,"href":"https:\/\/www.paranapraia.com.br\/index.php\/wp-json\/wp\/v2\/categories?post=69527"},{"taxonomy":"post_tag","embeddable":true,"href":"https:\/\/www.paranapraia.com.br\/index.php\/wp-json\/wp\/v2\/tags?post=69527"}],"curies":[{"name":"wp","href":"https:\/\/api.w.org\/{rel}","templated":true}]}}