{"id":69524,"date":"2025-06-30T13:14:27","date_gmt":"2025-06-30T16:14:27","guid":{"rendered":"https:\/\/www.paranapraia.com.br\/?p=69524"},"modified":"2025-06-30T13:14:30","modified_gmt":"2025-06-30T16:14:30","slug":"inverno-nao-bloqueia-raios-uv-continuar-usando-protetor-solar-o-ano-todo-e-um-cuidado-essencial","status":"publish","type":"post","link":"https:\/\/www.paranapraia.com.br\/index.php\/2025\/06\/30\/inverno-nao-bloqueia-raios-uv-continuar-usando-protetor-solar-o-ano-todo-e-um-cuidado-essencial\/","title":{"rendered":"Inverno n\u00e3o bloqueia raios UV: continuar usando protetor solar o ano todo \u00e9 um cuidado essencial"},"content":{"rendered":"\n<p>Durante o inverno, \u00e9 comum que as rotinas de autocuidado priorizem a hidrata\u00e7\u00e3o da pele, deixando muitas vezes o uso di\u00e1rio de protetor solar para escanteio. No entanto, ainda que o calor diminua, a incid\u00eancia dos raios ultravioleta segue intensa, mesmo em dias nublados ou em ambientes fechados, onde a exposi\u00e7\u00e3o indireta tamb\u00e9m representa um risco, seja pela luz artificial, seja pela incid\u00eancia solar atrav\u00e9s de janelas. Essa radia\u00e7\u00e3o silenciosa, que n\u00e3o causa vermelhid\u00e3o imediata, \u00e9 a que mais preocupa os dermatologistas, pois atua de forma cumulativa nas camadas profundas da pele.<\/p>\n\n\n\n<p>\u201cO maior desafio da fotoprote\u00e7\u00e3o no inverno \u00e9 cultural. As pessoas associam o protetor solar a um produto de ver\u00e3o, usado apenas em praias ou piscinas, mas os efeitos negativos da radia\u00e7\u00e3o n\u00e3o dependem da temperatura ou da claridade do dia. No inverno, a nossa pele continua vulner\u00e1vel e muitas vezes ainda mais sens\u00edvel por conta do ressecamento\u201d, afirma Ananda Boschilia, CEO da Alva Personal Care, empresa brasileira certificada B-Corp que desenvolve dermocosm\u00e9ticos naturais e veganos.<\/p>\n\n\n\n<p>Segundo dados da Sociedade Brasileira de Dermatologia, o c\u00e2ncer de pele \u00e9 o tipo mais frequente no Brasil e est\u00e1 diretamente relacionado \u00e0 exposi\u00e7\u00e3o solar acumulada ao longo da vida. Ao contr\u00e1rio dos raios UVB, mais associados a queimaduras solares e \u00e0 sensa\u00e7\u00e3o de ard\u00eancia, os raios UVA penetram profundamente na pele, atingindo as camadas mais internas da derme. S\u00e3o eles os principais respons\u00e1veis pelo fotoenvelhecimento, agravamento de manchas, flacidez cut\u00e2nea e desenvolvimento de c\u00e2ncer de pele a longo prazo. E diferente do UVB, a radia\u00e7\u00e3o UVA se mant\u00e9m est\u00e1vel ao longo do dia e durante todas as esta\u00e7\u00f5es.<\/p>\n\n\n\n<p>Mas a queda na temperatura traz tamb\u00e9m mais um desafio importante para a pele: o ressecamento. A baixa umidade do ar, os banhos quentes e a redu\u00e7\u00e3o natural da oleosidade comprometem a barreira de prote\u00e7\u00e3o da pele, tornando-a mais suscet\u00edvel a irrita\u00e7\u00f5es, descama\u00e7\u00f5es e processos inflamat\u00f3rios. Por isso, o cuidado no inverno deve ser duplo: proteger e hidratar. \u201cNa rotina de cuidados, \u00e9 preciso considerar n\u00e3o s\u00f3 a fotoprote\u00e7\u00e3o, mas a manuten\u00e7\u00e3o da integridade da pele como um todo. Produtos multifuncionais, que combinem filtro f\u00edsico com ativos hidratantes, t\u00eam um papel importante no inverno\u201d, explica Boschilia.<\/p>\n\n\n\n<p>Nos \u00faltimos anos, os protetores solares em bast\u00e3o (ou stick) v\u00eam ganhando espa\u00e7o no mercado, tanto pela praticidade quanto pela efici\u00eancia. De textura mais densa e com maior resist\u00eancia ao suor e \u00e0 \u00e1gua, eles s\u00e3o indicados para quem busca reaplica\u00e7\u00f5es r\u00e1pidas, sem o inc\u00f4modo de usar as m\u00e3os ou esperar a absor\u00e7\u00e3o do produto. S\u00e3o ideais para \u00e1reas espec\u00edficas do rosto, como bochechas, nariz e testa, que s\u00e3o frequentemente esquecidas ou mal protegidas.<\/p>\n\n\n\n<p>\u201cO formato em bast\u00e3o facilita muito a const\u00e2ncia no uso, que \u00e9 o principal desafio quando falamos de prote\u00e7\u00e3o solar. Ele pode ser levado na bolsa, aplicado sem sujeira e reaplicado com frequ\u00eancia, que \u00e9 o ponto mais cr\u00edtico na prote\u00e7\u00e3o solar. Muitas pessoas esquecem ou deixam para depois por conta da textura, do cheiro ou da sensa\u00e7\u00e3o pegajosa dos filtros tradicionais. O bast\u00e3o \u00e9 pr\u00e1tico, discreto e eficiente, ideal para quem est\u00e1 sempre em movimento\u201d, refor\u00e7a Ananda.<\/p>\n\n\n\n<p>Ao escolher um protetor solar, mesmo em esta\u00e7\u00f5es frias, \u00e9 fundamental considerar fatores como o FPS (Fator de Prote\u00e7\u00e3o Solar), que deve ser de no m\u00ednimo 30, com prefer\u00eancia para f\u00f3rmulas acima de 45, e a prote\u00e7\u00e3o contra os raios UVA, que nem sempre vem indicada de forma clara nos r\u00f3tulos. F\u00f3rmulas sem perfume e produtos com filtros minerais s\u00e3o alternativas interessantes para quem busca f\u00f3rmulas mais seguras e menos agressivas \u00e0 pele, principalmente em casos de sensibilidade ou hist\u00f3rico de dermatite. A Alva Personal Care aposta em f\u00f3rmulas multifuncionais que aliam prote\u00e7\u00e3o solar, tratamento e praticidade no dia a dia. A linha de balms da marca oferece op\u00e7\u00f5es para diferentes tipos de pele e prefer\u00eancias de acabamento, sempre com ativos naturais e filtros f\u00edsicos.<\/p>\n\n\n\n<p>O Balm Natural FPS 45, dispon\u00edvel nas vers\u00f5es com cor e incolor, conta com filtro 100% mineral \u00e0 base de \u00f3xido de zinco. A f\u00f3rmula \u00e9 vegana, hipoalerg\u00eanica, resistente \u00e0 \u00e1gua e livre de fragr\u00e2ncias sint\u00e9ticas. Enriquecido com ingredientes como \u00f3leo de jojoba e esqualano, proporciona hidrata\u00e7\u00e3o, toque confort\u00e1vel e prote\u00e7\u00e3o eficaz, sendo indicado para peles mais secas, sens\u00edveis ou propensas \u00e0 hidrata\u00e7\u00e3o.<\/p>\n\n\n\n<p>J\u00e1 o novo Balm com Cor FPS 55 \u2013 Efeito Matte \u00e9 indicado para peles mistas a oleosas. Com textura leve e acabamento seco, combina alta prote\u00e7\u00e3o solar com ativos de tratamento como manteiga de murumuru, \u00f3leo de ch\u00e1 verde, col\u00e1geno vegetal e \u00e1cido hialur\u00f4nico. Ideal para quem busca controle da oleosidade ao longo do dia, sem abrir m\u00e3o de um visual natural e uniforme.<\/p>\n\n\n\n<p>Mais do que uma escolha est\u00e9tica ou de conveni\u00eancia, proteger a pele da radia\u00e7\u00e3o solar no inverno \u00e9 um investimento em sa\u00fade a longo prazo. A fotoprote\u00e7\u00e3o cont\u00ednua reduz a incid\u00eancia de doen\u00e7as graves, minimiza interven\u00e7\u00f5es dermatol\u00f3gicas futuras e preserva a vitalidade da pele, o maior \u00f3rg\u00e3o do corpo humano, ao longo dos anos. \u201cO protetor solar precisa ser encarado como uma escova de dentes: algo que a gente usa todos os dias, independentemente do clima. O inverno n\u00e3o anula os efeitos do sol. Pelo contr\u00e1rio, ele pode at\u00e9 nos enganar. E \u00e9 nesse momento que a disciplina faz toda a diferen\u00e7a\u201d, finaliza Ananda Boschilia.<\/p>\n\n\n\n<p><strong>Sobre a Alva<\/strong><\/p>\n\n\n\n<p>A Alva Personal Care \u00e9 uma marca brasileira de cosm\u00e9ticos naturais, pioneira e l\u00edder do segmento no pa\u00eds. Fundada por Ananda Boschilia, que iniciou sua trajet\u00f3ria empreendedora aos 18 anos, a marca une efic\u00e1cia, f\u00f3rmulas limpas e responsabilidade ambiental em um portf\u00f3lio completo \u2014 da higiene bucal \u00e0 maquiagem. Com mais de 1,8 milh\u00e3o de produtos vendidos e presen\u00e7a em mais de 40 mil pontos de venda, a Alva \u00e9 a marca de cosm\u00e9ticos naturais que mais cresce no Brasil. Seu produto mais conhecido, o desodorante cristal stick, foi o mais vendido da Amazon por dois anos consecutivos.<\/p>\n\n\n\n<p>Assessoria<\/p>\n","protected":false},"excerpt":{"rendered":"<p>Durante o inverno, \u00e9 comum que as rotinas de autocuidado priorizem a hidrata\u00e7\u00e3o da pele, deixando muitas vezes o uso di\u00e1rio de protetor solar para escanteio. No entanto, ainda que o calor diminua, a incid\u00eancia dos raios ultravioleta segue intensa, mesmo em dias nublados ou em ambientes fechados, onde a exposi\u00e7\u00e3o indireta tamb\u00e9m representa um [&hellip;]<\/p>\n","protected":false},"author":2,"featured_media":69525,"comment_status":"open","ping_status":"open","sticky":false,"template":"","format":"standard","meta":{"advanced_seo_description":"","jetpack_seo_html_title":"","jetpack_seo_noindex":false,"_jetpack_memberships_contains_paid_content":false,"footnotes":""},"categories":[40],"tags":[],"class_list":{"0":"post-69524","1":"post","2":"type-post","3":"status-publish","4":"format-standard","5":"has-post-thumbnail","7":"category-destaques"},"jetpack_featured_media_url":"https:\/\/www.paranapraia.com.br\/wp-content\/uploads\/2025\/06\/0U2A9402-ed2-1--scaled.jpg","jetpack_sharing_enabled":true,"_links":{"self":[{"href":"https:\/\/www.paranapraia.com.br\/index.php\/wp-json\/wp\/v2\/posts\/69524"}],"collection":[{"href":"https:\/\/www.paranapraia.com.br\/index.php\/wp-json\/wp\/v2\/posts"}],"about":[{"href":"https:\/\/www.paranapraia.com.br\/index.php\/wp-json\/wp\/v2\/types\/post"}],"author":[{"embeddable":true,"href":"https:\/\/www.paranapraia.com.br\/index.php\/wp-json\/wp\/v2\/users\/2"}],"replies":[{"embeddable":true,"href":"https:\/\/www.paranapraia.com.br\/index.php\/wp-json\/wp\/v2\/comments?post=69524"}],"version-history":[{"count":1,"href":"https:\/\/www.paranapraia.com.br\/index.php\/wp-json\/wp\/v2\/posts\/69524\/revisions"}],"predecessor-version":[{"id":69526,"href":"https:\/\/www.paranapraia.com.br\/index.php\/wp-json\/wp\/v2\/posts\/69524\/revisions\/69526"}],"wp:featuredmedia":[{"embeddable":true,"href":"https:\/\/www.paranapraia.com.br\/index.php\/wp-json\/wp\/v2\/media\/69525"}],"wp:attachment":[{"href":"https:\/\/www.paranapraia.com.br\/index.php\/wp-json\/wp\/v2\/media?parent=69524"}],"wp:term":[{"taxonomy":"category","embeddable":true,"href":"https:\/\/www.paranapraia.com.br\/index.php\/wp-json\/wp\/v2\/categories?post=69524"},{"taxonomy":"post_tag","embeddable":true,"href":"https:\/\/www.paranapraia.com.br\/index.php\/wp-json\/wp\/v2\/tags?post=69524"}],"curies":[{"name":"wp","href":"https:\/\/api.w.org\/{rel}","templated":true}]}}