{"id":69517,"date":"2025-06-30T13:02:01","date_gmt":"2025-06-30T16:02:01","guid":{"rendered":"https:\/\/www.paranapraia.com.br\/?p=69517"},"modified":"2025-06-30T13:02:05","modified_gmt":"2025-06-30T16:02:05","slug":"samu-litoral-promove-curso-intensivo-e-reforca-preparo-das-equipes-de-emergencia-no-litoral","status":"publish","type":"post","link":"https:\/\/www.paranapraia.com.br\/index.php\/2025\/06\/30\/samu-litoral-promove-curso-intensivo-e-reforca-preparo-das-equipes-de-emergencia-no-litoral\/","title":{"rendered":"Samu Litoral promove curso intensivo e refor\u00e7a preparo das equipes de emerg\u00eancia no litoral"},"content":{"rendered":"\n<p>O Servi\u00e7o de Atendimento M\u00f3vel de Urg\u00eancia (SAMU) Litoral promove, entre os dias 30 de junho e 4 de julho, um curso intensivo de Suporte B\u00e1sico de Vida voltado ao aperfei\u00e7oamento t\u00e9cnico dos profissionais que atuam no atendimento pr\u00e9-hospitalar. A capacita\u00e7\u00e3o acontece no Instituto Superior do Litoral do Paran\u00e1 (Isulpar), em Paranagu\u00e1, e conta com a participa\u00e7\u00e3o de cerca de 50 profissionais.<\/p>\n\n\n\n<figure class=\"wp-block-image size-large\"><img loading=\"lazy\" decoding=\"async\" width=\"1024\" height=\"694\" src=\"https:\/\/www.paranapraia.com.br\/wp-content\/uploads\/2025\/06\/1000529714-1024x694.jpg\" alt=\"\" class=\"wp-image-69519\" srcset=\"https:\/\/www.paranapraia.com.br\/wp-content\/uploads\/2025\/06\/1000529714-1024x694.jpg 1024w, https:\/\/www.paranapraia.com.br\/wp-content\/uploads\/2025\/06\/1000529714-300x203.jpg 300w, https:\/\/www.paranapraia.com.br\/wp-content\/uploads\/2025\/06\/1000529714-768x521.jpg 768w, https:\/\/www.paranapraia.com.br\/wp-content\/uploads\/2025\/06\/1000529714-696x472.jpg 696w, https:\/\/www.paranapraia.com.br\/wp-content\/uploads\/2025\/06\/1000529714-1068x724.jpg 1068w, https:\/\/www.paranapraia.com.br\/wp-content\/uploads\/2025\/06\/1000529714-scaled.jpg 800w\" sizes=\"(max-width: 1024px) 100vw, 1024px\" \/><\/figure>\n\n\n\n<p>Al\u00e9m das equipes do SAMU, o curso re\u00fane integrantes do Corpo de Bombeiros e da Guarda Civil Municipal, refor\u00e7ando a integra\u00e7\u00e3o entre os servi\u00e7os de emerg\u00eancia da regi\u00e3o. Com carga hor\u00e1ria de 40 horas, o treinamento visa reciclar conhecimentos e atualizar protocolos essenciais para o atendimento de urg\u00eancias e emerg\u00eancias.<\/p>\n\n\n\n<p>A forma\u00e7\u00e3o visa aprimorar o atendimento pr\u00e9-hospitalar, que compreende desde os primeiros socorros no local da ocorr\u00eancia at\u00e9 a chegada do paciente ao hospital. A capacita\u00e7\u00e3o abrange tanto o atendimento a pacientes traumatizados &#8211; v\u00edtimas de acidentes, quedas, e ferimentos por arma de fogo ou branca quanto o manejo de casos cl\u00ednicos, como Acidentes Vasculares Cerebrais (AVCs) e infartos.<\/p>\n\n\n\n<p>A aula inaugural foi ministrada pela Dra. Michella Przybycien, titulada emergencista do Samu Litoral.<\/p>\n\n\n\n<p>Com iniciativas como essa, o SAMU Litoral reafirma seu compromisso com a capacita\u00e7\u00e3o cont\u00ednua dos profissionais de sa\u00fade e seguran\u00e7a p\u00fablica, fortalecendo a qualidade do atendimento prestado \u00e0 popula\u00e7\u00e3o em situa\u00e7\u00f5es cr\u00edticas.<\/p>\n\n\n\n<h1 class=\"wp-block-heading\">samu192litoraldoparana<\/h1>\n\n\n\n<h1 class=\"wp-block-heading\">gcmparanagua menos<\/h1>\n","protected":false},"excerpt":{"rendered":"<p>O Servi\u00e7o de Atendimento M\u00f3vel de Urg\u00eancia (SAMU) Litoral promove, entre os dias 30 de junho e 4 de julho, um curso intensivo de Suporte B\u00e1sico de Vida voltado ao aperfei\u00e7oamento t\u00e9cnico dos profissionais que atuam no atendimento pr\u00e9-hospitalar. A capacita\u00e7\u00e3o acontece no Instituto Superior do Litoral do Paran\u00e1 (Isulpar), em Paranagu\u00e1, e conta com [&hellip;]<\/p>\n","protected":false},"author":2,"featured_media":69518,"comment_status":"open","ping_status":"open","sticky":false,"template":"","format":"standard","meta":{"advanced_seo_description":"","jetpack_seo_html_title":"","jetpack_seo_noindex":false,"_jetpack_memberships_contains_paid_content":false,"footnotes":""},"categories":[40,91],"tags":[316,929],"class_list":{"0":"post-69517","1":"post","2":"type-post","3":"status-publish","4":"format-standard","5":"has-post-thumbnail","7":"category-destaques","8":"category-litoral","9":"tag-litoral","10":"tag-samu"},"jetpack_featured_media_url":"https:\/\/www.paranapraia.com.br\/wp-content\/uploads\/2025\/06\/Screenshot_2025-06-30-12-58-38-101_com.instagram.android-edit-scaled.jpg","jetpack_sharing_enabled":true,"_links":{"self":[{"href":"https:\/\/www.paranapraia.com.br\/index.php\/wp-json\/wp\/v2\/posts\/69517"}],"collection":[{"href":"https:\/\/www.paranapraia.com.br\/index.php\/wp-json\/wp\/v2\/posts"}],"about":[{"href":"https:\/\/www.paranapraia.com.br\/index.php\/wp-json\/wp\/v2\/types\/post"}],"author":[{"embeddable":true,"href":"https:\/\/www.paranapraia.com.br\/index.php\/wp-json\/wp\/v2\/users\/2"}],"replies":[{"embeddable":true,"href":"https:\/\/www.paranapraia.com.br\/index.php\/wp-json\/wp\/v2\/comments?post=69517"}],"version-history":[{"count":1,"href":"https:\/\/www.paranapraia.com.br\/index.php\/wp-json\/wp\/v2\/posts\/69517\/revisions"}],"predecessor-version":[{"id":69520,"href":"https:\/\/www.paranapraia.com.br\/index.php\/wp-json\/wp\/v2\/posts\/69517\/revisions\/69520"}],"wp:featuredmedia":[{"embeddable":true,"href":"https:\/\/www.paranapraia.com.br\/index.php\/wp-json\/wp\/v2\/media\/69518"}],"wp:attachment":[{"href":"https:\/\/www.paranapraia.com.br\/index.php\/wp-json\/wp\/v2\/media?parent=69517"}],"wp:term":[{"taxonomy":"category","embeddable":true,"href":"https:\/\/www.paranapraia.com.br\/index.php\/wp-json\/wp\/v2\/categories?post=69517"},{"taxonomy":"post_tag","embeddable":true,"href":"https:\/\/www.paranapraia.com.br\/index.php\/wp-json\/wp\/v2\/tags?post=69517"}],"curies":[{"name":"wp","href":"https:\/\/api.w.org\/{rel}","templated":true}]}}