{"id":69403,"date":"2025-06-27T11:49:15","date_gmt":"2025-06-27T14:49:15","guid":{"rendered":"https:\/\/www.paranapraia.com.br\/?p=69403"},"modified":"2025-06-27T11:49:18","modified_gmt":"2025-06-27T14:49:18","slug":"encerrada-em-morretes-a-serie-de-palestras-sobre-prevencao-e-combate-ao-diabetes-nas-unidades-de-saude","status":"publish","type":"post","link":"https:\/\/www.paranapraia.com.br\/index.php\/2025\/06\/27\/encerrada-em-morretes-a-serie-de-palestras-sobre-prevencao-e-combate-ao-diabetes-nas-unidades-de-saude\/","title":{"rendered":"Encerrada em Morretes a s\u00e9rie de palestras sobre preven\u00e7\u00e3o e combate ao diabetes nas unidades de sa\u00fade"},"content":{"rendered":"\n<p>A\u00a0Prefeitura de Morretes, por meio da\u00a0Secretaria Municipal de Sa\u00fade, encerrou nesta\u00a0sexta-feira, 27 de junho, a programa\u00e7\u00e3o especial de\u00a0palestras sobre o combate ao diabetes, promovida ao longo do m\u00eas em diversas unidades b\u00e1sicas de sa\u00fade do munic\u00edpio.<\/p>\n\n\n\n<p>A a\u00e7\u00e3o teve como objetivo\u00a0conscientizar a popula\u00e7\u00e3o sobre a import\u00e2ncia da preven\u00e7\u00e3o, diagn\u00f3stico precoce e controle do diabetes, com foco na educa\u00e7\u00e3o em sa\u00fade, ado\u00e7\u00e3o de h\u00e1bitos saud\u00e1veis e fortalecimento do v\u00ednculo com os servi\u00e7os da Aten\u00e7\u00e3o B\u00e1sica.<\/p>\n\n\n\n<p>Entre os dias\u00a012 e 27 de junho, foram realizadas palestras e rodas de conversa em nove unidades de sa\u00fade:<\/p>\n\n\n\n<ul class=\"wp-block-list\">\n<li>12\/06 \u2013 UBS Sambaqui<\/li>\n\n\n\n<li>25\/06 \u2013 UBS Carambi\u00fa e UBS Candonga<\/li>\n\n\n\n<li>26\/06 \u2013 UBS Porto de Cima (S\u00e3o Jo\u00e3o), UBS Am\u00e9rica e UBS Vila das Palmeiras (manh\u00e3 e tarde)<\/li>\n\n\n\n<li>27\/06 \u2013 NIS Centro e UBS Anhaia<\/li>\n<\/ul>\n\n\n\n<p>Durante as atividades, profissionais da sa\u00fade orientaram os participantes sobre\u00a0fatores de risco, sinais e sintomas do diabetes tipo 2, al\u00e9m de abordarem a import\u00e2ncia da\u00a0alimenta\u00e7\u00e3o equilibrada, pr\u00e1tica de exerc\u00edcios f\u00edsicos e acompanhamento m\u00e9dico regular. Destaque para a presen\u00e7a da\u00a0nutricionista Fernanda, que participou da programa\u00e7\u00e3o levando informa\u00e7\u00f5es pr\u00e1ticas sobre alimenta\u00e7\u00e3o preventiva.<\/p>\n\n\n\n<p>As a\u00e7\u00f5es mobilizaram moradores de diversas regi\u00f5es e contaram com o apoio das equipes t\u00e9cnicas das unidades, que refor\u00e7aram o compromisso da rede municipal com a\u00a0promo\u00e7\u00e3o da sa\u00fade e o cuidado humanizado.<\/p>\n\n\n\n<p>A secret\u00e1ria municipal de Sa\u00fade,\u00a0Loana Conforto, destacou a import\u00e2ncia do trabalho cont\u00ednuo de conscientiza\u00e7\u00e3o:<\/p>\n\n\n\n<p><em>\u201cEssa s\u00e9rie de palestras foi pensada para levar informa\u00e7\u00e3o com linguagem acess\u00edvel at\u00e9 as comunidades. Nosso objetivo \u00e9 prevenir, cuidar e orientar, especialmente no combate a doen\u00e7as silenciosas como o diabetes, que podem ser evitadas ou controladas com mudan\u00e7as de h\u00e1bitos e acompanhamento adequado.\u201d<\/em><\/p>\n\n\n\n<p>A Prefeitura de Morretes segue comprometida com a\u00a0educa\u00e7\u00e3o em sa\u00fade como ferramenta fundamental de preven\u00e7\u00e3o, fortalecendo os servi\u00e7os da Aten\u00e7\u00e3o Prim\u00e1ria e promovendo a\u00e7\u00f5es que impactam positivamente a qualidade de vida da popula\u00e7\u00e3o.<\/p>\n\n\n\n<p>Prefeitura de Morretes<\/p>\n","protected":false},"excerpt":{"rendered":"<p>A\u00a0Prefeitura de Morretes, por meio da\u00a0Secretaria Municipal de Sa\u00fade, encerrou nesta\u00a0sexta-feira, 27 de junho, a programa\u00e7\u00e3o especial de\u00a0palestras sobre o combate ao diabetes, promovida ao longo do m\u00eas em diversas unidades b\u00e1sicas de sa\u00fade do munic\u00edpio. A a\u00e7\u00e3o teve como objetivo\u00a0conscientizar a popula\u00e7\u00e3o sobre a import\u00e2ncia da preven\u00e7\u00e3o, diagn\u00f3stico precoce e controle do diabetes, com [&hellip;]<\/p>\n","protected":false},"author":2,"featured_media":69404,"comment_status":"open","ping_status":"open","sticky":false,"template":"","format":"standard","meta":{"advanced_seo_description":"","jetpack_seo_html_title":"","jetpack_seo_noindex":false,"_jetpack_memberships_contains_paid_content":false,"footnotes":""},"categories":[125],"tags":[],"class_list":{"0":"post-69403","1":"post","2":"type-post","3":"status-publish","4":"format-standard","5":"has-post-thumbnail","7":"category-morretes"},"jetpack_featured_media_url":"https:\/\/www.paranapraia.com.br\/wp-content\/uploads\/2025\/06\/whatsapp-image-2025-06-26-at-125945-scaled.jpg","jetpack_sharing_enabled":true,"_links":{"self":[{"href":"https:\/\/www.paranapraia.com.br\/index.php\/wp-json\/wp\/v2\/posts\/69403"}],"collection":[{"href":"https:\/\/www.paranapraia.com.br\/index.php\/wp-json\/wp\/v2\/posts"}],"about":[{"href":"https:\/\/www.paranapraia.com.br\/index.php\/wp-json\/wp\/v2\/types\/post"}],"author":[{"embeddable":true,"href":"https:\/\/www.paranapraia.com.br\/index.php\/wp-json\/wp\/v2\/users\/2"}],"replies":[{"embeddable":true,"href":"https:\/\/www.paranapraia.com.br\/index.php\/wp-json\/wp\/v2\/comments?post=69403"}],"version-history":[{"count":1,"href":"https:\/\/www.paranapraia.com.br\/index.php\/wp-json\/wp\/v2\/posts\/69403\/revisions"}],"predecessor-version":[{"id":69405,"href":"https:\/\/www.paranapraia.com.br\/index.php\/wp-json\/wp\/v2\/posts\/69403\/revisions\/69405"}],"wp:featuredmedia":[{"embeddable":true,"href":"https:\/\/www.paranapraia.com.br\/index.php\/wp-json\/wp\/v2\/media\/69404"}],"wp:attachment":[{"href":"https:\/\/www.paranapraia.com.br\/index.php\/wp-json\/wp\/v2\/media?parent=69403"}],"wp:term":[{"taxonomy":"category","embeddable":true,"href":"https:\/\/www.paranapraia.com.br\/index.php\/wp-json\/wp\/v2\/categories?post=69403"},{"taxonomy":"post_tag","embeddable":true,"href":"https:\/\/www.paranapraia.com.br\/index.php\/wp-json\/wp\/v2\/tags?post=69403"}],"curies":[{"name":"wp","href":"https:\/\/api.w.org\/{rel}","templated":true}]}}