{"id":69400,"date":"2025-06-27T11:45:35","date_gmt":"2025-06-27T14:45:35","guid":{"rendered":"https:\/\/www.paranapraia.com.br\/?p=69400"},"modified":"2025-06-27T11:46:08","modified_gmt":"2025-06-27T14:46:08","slug":"morretes-biblioteca-publica-jose-goncalves-de-morais-recebe-treinamento-para-uso-do-sistema-pergamum","status":"publish","type":"post","link":"https:\/\/www.paranapraia.com.br\/index.php\/2025\/06\/27\/morretes-biblioteca-publica-jose-goncalves-de-morais-recebe-treinamento-para-uso-do-sistema-pergamum\/","title":{"rendered":"Morretes: Biblioteca P\u00fablica Jos\u00e9 Gon\u00e7alves de Morais recebe treinamento para uso do sistema Pergamum"},"content":{"rendered":"\n<p>Nesta \u00faltima\u00a0quarta-feira, 25 de junho de 2025, a\u00a0Biblioteca P\u00fablica Municipal Jos\u00e9 Gon\u00e7alves de Morais, em Morretes, deu mais um passo importante rumo \u00e0 sua reabertura com a participa\u00e7\u00e3o em um\u00a0treinamento t\u00e9cnico do sistema Pergamum, realizado na\u00a0Biblioteca P\u00fablica do Paran\u00e1, em Curitiba.<\/p>\n\n\n\n<p>O\u00a0Pergamum\u00a0\u00e9 um dos sistemas mais utilizados por bibliotecas no Brasil, voltado \u00e0\u00a0gest\u00e3o e cataloga\u00e7\u00e3o de acervos, e sua implanta\u00e7\u00e3o marca um avan\u00e7o fundamental na\u00a0moderniza\u00e7\u00e3o dos servi\u00e7os bibliotec\u00e1rios do munic\u00edpio.<\/p>\n\n\n\n<p>Participaram da capacita\u00e7\u00e3o os integrantes da equipe da biblioteca municipal \u2014\u00a0S\u00f4nia Maria dos Santos, Rosilene Lopes e Robson Cordeiro\u00a0\u2014 al\u00e9m das representantes da\u00a0Secretaria Municipal de Cultura e Turismo,\u00a0J\u00falia Moretti,\u00a0Larissa Tonetti\u00a0e\u00a0Helena A. do Couto, que acompanharam o treinamento e alinharam diretrizes para a continuidade do processo de reestrutura\u00e7\u00e3o do espa\u00e7o.<\/p>\n\n\n\n<p>A Prefeitura de Morretes agradece especialmente ao\u00a0senhor Felipe Nicolau, da Biblioteca P\u00fablica do Paran\u00e1, que colaborou com generosidade e conhecimento t\u00e9cnico, contribuindo diretamente para que a\u00a0reabertura da Biblioteca P\u00fablica Jos\u00e9 Gon\u00e7alves de Morais\u00a0se concretize em breve.<\/p>\n\n\n\n<p>A ado\u00e7\u00e3o do sistema Pergamum permitir\u00e1\u00a0maior efici\u00eancia na organiza\u00e7\u00e3o do acervo, agilidade no atendimento ao p\u00fablico e amplia\u00e7\u00e3o do acesso \u00e0 informa\u00e7\u00e3o, com ferramentas modernas e integradas que beneficiam diretamente a comunidade morretense.<\/p>\n\n\n\n<p>A administra\u00e7\u00e3o municipal reafirma seu compromisso com a\u00a0valoriza\u00e7\u00e3o da cultura, o incentivo \u00e0 leitura, o acesso democr\u00e1tico \u00e0 informa\u00e7\u00e3o\u00a0e o fortalecimento dos espa\u00e7os p\u00fablicos que preservam o patrim\u00f4nio hist\u00f3rico e intelectual da cidade.<\/p>\n\n\n\n<p>Prefeitura de Morretes<\/p>\n","protected":false},"excerpt":{"rendered":"<p>Nesta \u00faltima\u00a0quarta-feira, 25 de junho de 2025, a\u00a0Biblioteca P\u00fablica Municipal Jos\u00e9 Gon\u00e7alves de Morais, em Morretes, deu mais um passo importante rumo \u00e0 sua reabertura com a participa\u00e7\u00e3o em um\u00a0treinamento t\u00e9cnico do sistema Pergamum, realizado na\u00a0Biblioteca P\u00fablica do Paran\u00e1, em Curitiba. O\u00a0Pergamum\u00a0\u00e9 um dos sistemas mais utilizados por bibliotecas no Brasil, voltado \u00e0\u00a0gest\u00e3o e cataloga\u00e7\u00e3o [&hellip;]<\/p>\n","protected":false},"author":2,"featured_media":69401,"comment_status":"open","ping_status":"open","sticky":false,"template":"","format":"standard","meta":{"advanced_seo_description":"","jetpack_seo_html_title":"","jetpack_seo_noindex":false,"_jetpack_memberships_contains_paid_content":false,"footnotes":""},"categories":[125],"tags":[],"class_list":{"0":"post-69400","1":"post","2":"type-post","3":"status-publish","4":"format-standard","5":"has-post-thumbnail","7":"category-morretes"},"jetpack_featured_media_url":"https:\/\/www.paranapraia.com.br\/wp-content\/uploads\/2025\/06\/whatsapp-image-2025-06-25-at-140819-1-scaled.jpg","jetpack_sharing_enabled":true,"_links":{"self":[{"href":"https:\/\/www.paranapraia.com.br\/index.php\/wp-json\/wp\/v2\/posts\/69400"}],"collection":[{"href":"https:\/\/www.paranapraia.com.br\/index.php\/wp-json\/wp\/v2\/posts"}],"about":[{"href":"https:\/\/www.paranapraia.com.br\/index.php\/wp-json\/wp\/v2\/types\/post"}],"author":[{"embeddable":true,"href":"https:\/\/www.paranapraia.com.br\/index.php\/wp-json\/wp\/v2\/users\/2"}],"replies":[{"embeddable":true,"href":"https:\/\/www.paranapraia.com.br\/index.php\/wp-json\/wp\/v2\/comments?post=69400"}],"version-history":[{"count":1,"href":"https:\/\/www.paranapraia.com.br\/index.php\/wp-json\/wp\/v2\/posts\/69400\/revisions"}],"predecessor-version":[{"id":69402,"href":"https:\/\/www.paranapraia.com.br\/index.php\/wp-json\/wp\/v2\/posts\/69400\/revisions\/69402"}],"wp:featuredmedia":[{"embeddable":true,"href":"https:\/\/www.paranapraia.com.br\/index.php\/wp-json\/wp\/v2\/media\/69401"}],"wp:attachment":[{"href":"https:\/\/www.paranapraia.com.br\/index.php\/wp-json\/wp\/v2\/media?parent=69400"}],"wp:term":[{"taxonomy":"category","embeddable":true,"href":"https:\/\/www.paranapraia.com.br\/index.php\/wp-json\/wp\/v2\/categories?post=69400"},{"taxonomy":"post_tag","embeddable":true,"href":"https:\/\/www.paranapraia.com.br\/index.php\/wp-json\/wp\/v2\/tags?post=69400"}],"curies":[{"name":"wp","href":"https:\/\/api.w.org\/{rel}","templated":true}]}}