{"id":69397,"date":"2025-06-27T11:38:17","date_gmt":"2025-06-27T14:38:17","guid":{"rendered":"https:\/\/www.paranapraia.com.br\/?p=69397"},"modified":"2025-06-27T11:38:20","modified_gmt":"2025-06-27T14:38:20","slug":"saude-faz-alerta-aos-municipios-sobre-vacinacao-e-diagnostico-contra-doenca-meningococica","status":"publish","type":"post","link":"https:\/\/www.paranapraia.com.br\/index.php\/2025\/06\/27\/saude-faz-alerta-aos-municipios-sobre-vacinacao-e-diagnostico-contra-doenca-meningococica\/","title":{"rendered":"Sa\u00fade faz alerta aos munic\u00edpios sobre vacina\u00e7\u00e3o e diagn\u00f3stico contra doen\u00e7a meningoc\u00f3cica"},"content":{"rendered":"\n<p>A Secretaria de Estado da Sa\u00fade do Paran\u00e1 (Sesa) emitiu nesta sexta-feira (27) um alerta sobre o aumento significativo de casos e \u00f3bitos provocados pela doen\u00e7a meningoc\u00f3cica. O comunicado foi enviado \u00e0s 22 Regionais de Sa\u00fade, respons\u00e1veis por orientar os 399 munic\u00edpios sobre medidas de preven\u00e7\u00e3o, vigil\u00e2ncia e assist\u00eancia.<\/p>\n\n\n\n<p>De acordo com dados do Sistema de Informa\u00e7\u00e3o de Agravos de Notifica\u00e7\u00e3o (Sinan), entre janeiro e 21 de junho de 2025 (Semana Epidemiol\u00f3gica 25), foram registrados 22 casos confirmados e seis \u00f3bitos pela doen\u00e7a. No mesmo per\u00edodo do ano passado, foram 11 casos e nenhum \u00f3bito. Em todo o ano de 2024, o Estado contabilizou 33 casos e quatro mortes.<\/p>\n\n\n\n<p>Os casos desse ano foram registrados em Ponta Grossa (4), Curitiba (3), Paranagu\u00e1, Campina Grande do Sul, Fazenda Rio Grande, Arauc\u00e1ria, General Carneiro, Palmas, S\u00e3o Jorge D Oeste, Cascavel, Tr\u00eas Barras, C\u00e9u Azul, Cianorte, Apucarana, Londrina, Wenceslau Braz e Jacarezinho.<\/p>\n\n\n\n<p>As mortes de 2025 ocorreram nos munic\u00edpios de Ponta Grossa (dois homens, de 2 e 59 anos), Curitiba (homem de 32 anos), S\u00e3o Jorge D\u2019Oeste (mulher de 48 anos), C\u00e9u Azul (mulher de 49 anos) e Wenceslau Braz (homem de 84 anos). Entre os \u00f3bitos, dois foram provocados pelo sorogrupo C, dois pelo sorogrupo B e dois n\u00e3o foi poss\u00edvel realizar a identifica\u00e7\u00e3o do surogrupo.<\/p>\n\n\n\n<p>A doen\u00e7a meningoc\u00f3cica \u00e9 causada pela bact\u00e9ria&nbsp;<em>Neisseria meningitidis&nbsp;<\/em>e pode provocar quadros graves como meningite e meningococcemia. Por seu alto potencial de transmiss\u00e3o, letalidade e gravidade das sequelas especialmente em crian\u00e7as, \u00e9 considerada um problema de sa\u00fade p\u00fablica.<\/p>\n\n\n\n<p>\u201cA vacina\u00e7\u00e3o \u00e9 a principal ferramenta para prevenir as formas mais graves da meningite. Quem passou por isso na fam\u00edlia sabe a dificuldade que \u00e9 tratar, por isso contamos com todas as fam\u00edlias do Paran\u00e1 para darmos essa demonstra\u00e7\u00e3o de ci\u00eancia, sa\u00fade e vida, vacinando as nossas crian\u00e7as e protegendo ainda mais a popula\u00e7\u00e3o paranaense\u201d, afirmou o secret\u00e1rio de Estado da Sa\u00fade, Beto Preto.<\/p>\n\n\n\n<p>Atualmente, o Sistema \u00danico de Sa\u00fade (SUS) oferece a vacina meningoc\u00f3cica C (conjugada) para crian\u00e7as a partir de tr\u00eas meses at\u00e9 4 anos, 11 meses e 29 dias de idade. A partir de julho de 2025, o refor\u00e7o aplicado aos 12 meses de idade&nbsp;<a href=\"https:\/\/www.parana.pr.gov.br\/aen\/Noticia\/Parana-vai-aplicar-dose-de-reforco-com-vacina-ACWY-contra-meningite-partir-de-julho\" target=\"_blank\" rel=\"noreferrer noopener\">passar\u00e1 a ser feito com a vacina meningoc\u00f3cica ACWY<\/a>, que amplia a prote\u00e7\u00e3o tamb\u00e9m contra os sorogrupos A, W e Y, conforme j\u00e1 confirmado pela Sesa.<\/p>\n\n\n\n<p>Em 2024, a cobertura vacinal no Estado foi de 91,56% na primeira dose (menores de 1 ano) e de 92,94% na dose de refor\u00e7o (12 meses), abaixo da meta preconizada pelo Minist\u00e9rio da Sa\u00fade, que \u00e9 de 95%.<\/p>\n\n\n\n<p>Al\u00e9m da vacina\u00e7\u00e3o, a secretaria orienta que a popula\u00e7\u00e3o adote medidas de preven\u00e7\u00e3o, como manter ambientes bem ventilados, higienizar frequentemente as m\u00e3os, evitar aglomera\u00e7\u00f5es em locais fechados e n\u00e3o compartilhar objetos de uso pessoal. Tamb\u00e9m \u00e9 fundamental que a popula\u00e7\u00e3o esteja atenta aos sintomas da doen\u00e7a \u2014 como febre, dor de cabe\u00e7a intensa, v\u00f4mitos, rigidez de nuca, confus\u00e3o mental e erup\u00e7\u00f5es cut\u00e2neas (pet\u00e9quias) \u2014 e procure imediatamente um servi\u00e7o de sa\u00fade ao primeiro sinal de alerta.<\/p>\n\n\n\n<p>Para os profissionais de sa\u00fade, a recomenda\u00e7\u00e3o \u00e9 redobrar a aten\u00e7\u00e3o para o diagn\u00f3stico precoce e ado\u00e7\u00e3o imediata de medidas de isolamento e tratamento, al\u00e9m da notifica\u00e7\u00e3o obrigat\u00f3ria de casos suspeitos ou confirmados em at\u00e9 24 horas. A Sesa tamb\u00e9m refor\u00e7a a necessidade de coleta de amostras cl\u00ednicas adequadas e a avalia\u00e7\u00e3o de contatos com casos suspeitos para poss\u00edvel quimioprofilaxia, conforme diretrizes do Minist\u00e9rio da Sa\u00fade.<\/p>\n\n\n\n<p>AEN\/PR<\/p>\n","protected":false},"excerpt":{"rendered":"<p>A Secretaria de Estado da Sa\u00fade do Paran\u00e1 (Sesa) emitiu nesta sexta-feira (27) um alerta sobre o aumento significativo de casos e \u00f3bitos provocados pela doen\u00e7a meningoc\u00f3cica. O comunicado foi enviado \u00e0s 22 Regionais de Sa\u00fade, respons\u00e1veis por orientar os 399 munic\u00edpios sobre medidas de preven\u00e7\u00e3o, vigil\u00e2ncia e assist\u00eancia. De acordo com dados do Sistema [&hellip;]<\/p>\n","protected":false},"author":2,"featured_media":69398,"comment_status":"open","ping_status":"open","sticky":false,"template":"","format":"standard","meta":{"advanced_seo_description":"","jetpack_seo_html_title":"","jetpack_seo_noindex":false,"_jetpack_memberships_contains_paid_content":false,"footnotes":""},"categories":[50],"tags":[],"class_list":{"0":"post-69397","1":"post","2":"type-post","3":"status-publish","4":"format-standard","5":"has-post-thumbnail","7":"category-saude"},"jetpack_featured_media_url":"https:\/\/www.paranapraia.com.br\/wp-content\/uploads\/2025\/06\/20210420_agb_sesa-11-scaled.jpg","jetpack_sharing_enabled":true,"_links":{"self":[{"href":"https:\/\/www.paranapraia.com.br\/index.php\/wp-json\/wp\/v2\/posts\/69397"}],"collection":[{"href":"https:\/\/www.paranapraia.com.br\/index.php\/wp-json\/wp\/v2\/posts"}],"about":[{"href":"https:\/\/www.paranapraia.com.br\/index.php\/wp-json\/wp\/v2\/types\/post"}],"author":[{"embeddable":true,"href":"https:\/\/www.paranapraia.com.br\/index.php\/wp-json\/wp\/v2\/users\/2"}],"replies":[{"embeddable":true,"href":"https:\/\/www.paranapraia.com.br\/index.php\/wp-json\/wp\/v2\/comments?post=69397"}],"version-history":[{"count":1,"href":"https:\/\/www.paranapraia.com.br\/index.php\/wp-json\/wp\/v2\/posts\/69397\/revisions"}],"predecessor-version":[{"id":69399,"href":"https:\/\/www.paranapraia.com.br\/index.php\/wp-json\/wp\/v2\/posts\/69397\/revisions\/69399"}],"wp:featuredmedia":[{"embeddable":true,"href":"https:\/\/www.paranapraia.com.br\/index.php\/wp-json\/wp\/v2\/media\/69398"}],"wp:attachment":[{"href":"https:\/\/www.paranapraia.com.br\/index.php\/wp-json\/wp\/v2\/media?parent=69397"}],"wp:term":[{"taxonomy":"category","embeddable":true,"href":"https:\/\/www.paranapraia.com.br\/index.php\/wp-json\/wp\/v2\/categories?post=69397"},{"taxonomy":"post_tag","embeddable":true,"href":"https:\/\/www.paranapraia.com.br\/index.php\/wp-json\/wp\/v2\/tags?post=69397"}],"curies":[{"name":"wp","href":"https:\/\/api.w.org\/{rel}","templated":true}]}}