{"id":69394,"date":"2025-06-27T11:33:57","date_gmt":"2025-06-27T14:33:57","guid":{"rendered":"https:\/\/www.paranapraia.com.br\/?p=69394"},"modified":"2025-06-27T11:34:20","modified_gmt":"2025-06-27T14:34:20","slug":"apos-dias-congelantes-fim-de-semana-sera-chuvoso-no-parana","status":"publish","type":"post","link":"https:\/\/www.paranapraia.com.br\/index.php\/2025\/06\/27\/apos-dias-congelantes-fim-de-semana-sera-chuvoso-no-parana\/","title":{"rendered":"Ap\u00f3s dias congelantes, fim de semana ser\u00e1 chuvoso no Paran\u00e1"},"content":{"rendered":"\n<p>Ap\u00f3s uma semana de recordes de temperaturas m\u00ednimas por todo o Paran\u00e1 e registro de geadas at\u00e9 mesmo no Litoral, a chuva que chegou na quinta-feira (26) se mant\u00e9m no fim de semana e, no domingo (29), uma nova frente fria se aproxima, trazendo temporais para v\u00e1rias regi\u00f5es paranaenses.<\/p>\n\n\n\n<p>Nesta sexta (27) a nebulosidade segue presente por todo o Estado e est\u00e3o previstas chuvas leves ocasionais na metade Sul do Paran\u00e1. J\u00e1 na metade Norte h\u00e1 possibilidade de chuva moderada com presen\u00e7a de raios, e temperaturas m\u00e1ximas de at\u00e9 28\u00b0C. No s\u00e1bado, quem mora no Oeste, Sudoeste e Centro-Sul do Paran\u00e1 pode encontrar temporais isolados. No Leste e Sul da regi\u00e3o Noroeste tamb\u00e9m pode chover \u00e0 tarde, com menos intensidade.<\/p>\n\n\n\n<p>J\u00e1 quem estar\u00e1 nas regi\u00f5es dos Campos Gerais e demais \u00e1reas da faixa Norte, ter\u00e1 um s\u00e1bado agrad\u00e1vel, com predom\u00ednio de sol. N\u00e3o h\u00e1 previs\u00e3o de m\u00ednimas abaixo de 10\u00b0C em nenhuma regi\u00e3o do Estado, e as m\u00e1ximas no s\u00e1bado (28) tamb\u00e9m podem chegar a 28\u00b0C no Noroeste.<\/p>\n\n\n\n<p>\u201cTemos uma situa\u00e7\u00e3o de instabilidade, um sistema quente, que desce nesta sexta a partir do Noroeste da regi\u00e3o do Mato Grosso do Sul, e se projeta em dire\u00e7\u00e3o ao Rio Grande do Sul. Vai chover um pouco mais l\u00e1 nesses dias, principalmente no s\u00e1bado, na altura do Rio Grande do Sul\u201d, explica Fernando Mendes, meteorologista do Simepar.<\/p>\n\n\n\n<p>No Paran\u00e1, as instabilidades voltam como frente fria no domingo. Os temporais come\u00e7ar\u00e3o entre as regi\u00f5es Oeste e Sudoeste, mas tamb\u00e9m chegam ao Centro-Sul e Campos Gerais.<\/p>\n\n\n\n<p>\u201cUma nova massa de ar mais frio come\u00e7a a se projetar pelo Centro-sul da Argentina, na altura do Uruguai. Teremos um pouco mais de chuva no domingo, associado ao deslocamento de uma frente fria que n\u00e3o promete ser t\u00e3o intensa, mas pode causar algumas situa\u00e7\u00f5es de rajada de vento mais fortes especialmente em por\u00e7\u00f5es mais ao Sul, Sudoeste e Campos Gerais\u201d, ressalta Mendes.<\/p>\n\n\n\n<p>O acumulado de chuva mais expressivo entre esta sexta-feira e o in\u00edcio da pr\u00f3xima semana deve ficar principalmente no setor Oeste, com at\u00e9 40 mil\u00edmetros nos pontos com temporais mais expressivos. No Centro e no Leste, a chuva n\u00e3o deve passar de 20 mil\u00edmetros. No domingo a temperatura pode chegar a 28\u00b0C tamb\u00e9m no Litoral.<\/p>\n\n\n\n<p>Ap\u00f3s a passagem da frente fria, na pr\u00f3xima semana as temperaturas devem cair novamente \u2013 mas o frio n\u00e3o ser\u00e1 t\u00e3o intenso quanto nesta semana. As m\u00ednimas previstas s\u00e3o de aproximadamente 5\u00b0C na regi\u00e3o Sul.<\/p>\n\n\n\n<p><strong>CONDENSA\u00c7\u00c3O&nbsp;<\/strong>\u2013 Depois de uma ter\u00e7a e uma quarta-feira com tempo seco e temperaturas negativas em praticamente todo o Estado, a quinta foi de muita chuva no Paran\u00e1 e as temperaturas se elevaram um pouco. Cruzeiro do Igua\u00e7u registrou 141,2 mm de chuva e Cand\u00f3i, 90,8mm.<\/p>\n\n\n\n<p>Com essa mudan\u00e7a brusca do tempo, moradores de v\u00e1rias cidades do Norte, Nordeste, Campos Gerais e Regi\u00e3o Metropolitana de Curitiba perceberam um fen\u00f4meno diferente dentro de casa: as paredes e pisos parecem \u201csuar\u201d. Em Ponta Grossa, onde o fen\u00f4meno foi intenso em muitas casas nesta sexta-feira, o salto de temperatura foi vis\u00edvel: a m\u00ednima foi de -2.3\u00b0C na quarta, de 7.9\u00b0C na quinta e chegou a 15,5\u00b0C na sexta.<\/p>\n\n\n\n<p>\u201cO que ocorre \u00e9 que n\u00f3s tivemos uma massa de ar frio muito intensa. Ent\u00e3o, houve uma diminui\u00e7\u00e3o da temperatura desses materiais das paredes e pisos. Elas est\u00e3o mais frias. E, como voltou a ter mais umidade no ar, ocorre um processo de condensa\u00e7\u00e3o, ou seja, o ar quente e \u00famido entra na casa e condensa o vapor d\u2019\u00e1gua das superf\u00edcies mais frias\u201d, explica Mendes.<\/p>\n\n\n\n<p><strong>SIMEPAR<\/strong>&nbsp;\u2013 Com uma estrutura de 120 esta\u00e7\u00f5es meteorol\u00f3gicas telem\u00e9tricas autom\u00e1ticas, tr\u00eas radares meteorol\u00f3gicos e cinco sensores de descargas atmosf\u00e9ricas, o Simepar \u00e9 respons\u00e1vel por fornecer dados meteorol\u00f3gicos para \u00f3rg\u00e3os como a Coordenadoria da Defesa Civil e a Secretaria do Desenvolvimento Sustent\u00e1vel, de modo a facilitar a\u00e7\u00f5es de resposta a situa\u00e7\u00f5es extremas. S\u00e3o monitoradas desde situa\u00e7\u00f5es causadas por chuvas extremas, como enxurradas, deslizamentos e alagamentos, at\u00e9 inc\u00eandios e secas.<\/p>\n\n\n\n<p>Dados mais detalhados da previs\u00e3o do tempo para os 399 munic\u00edpios paranaenses est\u00e3o dispon\u00edveis no site&nbsp;<a href=\"https:\/\/www.simepar.br\/\" target=\"_blank\" rel=\"noreferrer noopener\">www.simepar.br<\/a>. A previs\u00e3o tem duas atualiza\u00e7\u00f5es di\u00e1rias. Para cada cidade \u00e9 poss\u00edvel saber o quanto deve chover, temperaturas m\u00ednimas e m\u00e1ximas previstas, umidade relativa do ar e vento, com detalhamento por hora para a data e o dia seguinte.<\/p>\n\n\n\n<p>AEN\/PR<\/p>\n","protected":false},"excerpt":{"rendered":"<p>Ap\u00f3s uma semana de recordes de temperaturas m\u00ednimas por todo o Paran\u00e1 e registro de geadas at\u00e9 mesmo no Litoral, a chuva que chegou na quinta-feira (26) se mant\u00e9m no fim de semana e, no domingo (29), uma nova frente fria se aproxima, trazendo temporais para v\u00e1rias regi\u00f5es paranaenses. Nesta sexta (27) a nebulosidade segue [&hellip;]<\/p>\n","protected":false},"author":2,"featured_media":69395,"comment_status":"open","ping_status":"open","sticky":false,"template":"","format":"standard","meta":{"advanced_seo_description":"","jetpack_seo_html_title":"","jetpack_seo_noindex":false,"_jetpack_memberships_contains_paid_content":false,"footnotes":""},"categories":[84],"tags":[],"class_list":{"0":"post-69394","1":"post","2":"type-post","3":"status-publish","4":"format-standard","5":"has-post-thumbnail","7":"category-clima"},"jetpack_featured_media_url":"https:\/\/www.paranapraia.com.br\/wp-content\/uploads\/2025\/06\/20250605_agb_chuva-25_0-scaled.jpg","jetpack_sharing_enabled":true,"_links":{"self":[{"href":"https:\/\/www.paranapraia.com.br\/index.php\/wp-json\/wp\/v2\/posts\/69394"}],"collection":[{"href":"https:\/\/www.paranapraia.com.br\/index.php\/wp-json\/wp\/v2\/posts"}],"about":[{"href":"https:\/\/www.paranapraia.com.br\/index.php\/wp-json\/wp\/v2\/types\/post"}],"author":[{"embeddable":true,"href":"https:\/\/www.paranapraia.com.br\/index.php\/wp-json\/wp\/v2\/users\/2"}],"replies":[{"embeddable":true,"href":"https:\/\/www.paranapraia.com.br\/index.php\/wp-json\/wp\/v2\/comments?post=69394"}],"version-history":[{"count":1,"href":"https:\/\/www.paranapraia.com.br\/index.php\/wp-json\/wp\/v2\/posts\/69394\/revisions"}],"predecessor-version":[{"id":69396,"href":"https:\/\/www.paranapraia.com.br\/index.php\/wp-json\/wp\/v2\/posts\/69394\/revisions\/69396"}],"wp:featuredmedia":[{"embeddable":true,"href":"https:\/\/www.paranapraia.com.br\/index.php\/wp-json\/wp\/v2\/media\/69395"}],"wp:attachment":[{"href":"https:\/\/www.paranapraia.com.br\/index.php\/wp-json\/wp\/v2\/media?parent=69394"}],"wp:term":[{"taxonomy":"category","embeddable":true,"href":"https:\/\/www.paranapraia.com.br\/index.php\/wp-json\/wp\/v2\/categories?post=69394"},{"taxonomy":"post_tag","embeddable":true,"href":"https:\/\/www.paranapraia.com.br\/index.php\/wp-json\/wp\/v2\/tags?post=69394"}],"curies":[{"name":"wp","href":"https:\/\/api.w.org\/{rel}","templated":true}]}}