{"id":69347,"date":"2025-06-26T11:39:09","date_gmt":"2025-06-26T14:39:09","guid":{"rendered":"https:\/\/www.paranapraia.com.br\/?p=69347"},"modified":"2025-06-26T11:39:11","modified_gmt":"2025-06-26T14:39:11","slug":"projeto-avanca-litoral-realiza-formacao-para-coordenadores-pedagogicos-e-equipes-tecnicas-da-educacao-em-morretes","status":"publish","type":"post","link":"https:\/\/www.paranapraia.com.br\/index.php\/2025\/06\/26\/projeto-avanca-litoral-realiza-formacao-para-coordenadores-pedagogicos-e-equipes-tecnicas-da-educacao-em-morretes\/","title":{"rendered":"Projeto Avan\u00e7a Litoral realiza forma\u00e7\u00e3o para coordenadores pedag\u00f3gicos e equipes t\u00e9cnicas da Educa\u00e7\u00e3o em Morretes"},"content":{"rendered":"\n<p>No \u00faltimo dia\u00a018 de junho, a Prefeitura de Morretes, por meio da\u00a0Secretaria Municipal de Educa\u00e7\u00e3o\u00a0e em parceria com o\u00a0Projeto Avan\u00e7a Litoral, realizou um encontro formativo voltado aos\u00a0coordenadores pedag\u00f3gicos\u00a0e\u00a0equipes t\u00e9cnicas\u00a0das escolas da rede municipal e da pr\u00f3pria secretaria.<\/p>\n\n\n\n<p>Com o tema\u00a0\u201cForma\u00e7\u00e3o Continuada dos Coordenadores Pedag\u00f3gicos \u2013 Ensino Fundamental I\u201d, o encontro teve como principal objetivo\u00a0fortalecer a atua\u00e7\u00e3o dos profissionais da \u00e1rea pedag\u00f3gica, promovendo momentos de troca de experi\u00eancias, reflex\u00e3o sobre as pr\u00e1ticas escolares e constru\u00e7\u00e3o coletiva de saberes.<\/p>\n\n\n\n<p>Durante a forma\u00e7\u00e3o, foram discutidas estrat\u00e9gias e orienta\u00e7\u00f5es que contribuem diretamente para o aprimoramento do trabalho pedag\u00f3gico nas escolas, com foco na\u00a0melhoria dos processos de ensino e aprendizagem\u00a0e na prepara\u00e7\u00e3o dos estudantes para as\u00a0avalia\u00e7\u00f5es externas previstas para 2025.<\/p>\n\n\n\n<p>A iniciativa faz parte de um conjunto de a\u00e7\u00f5es promovidas pela Secretaria de Educa\u00e7\u00e3o com o intuito de\u00a0valorizar os profissionais da educa\u00e7\u00e3o\u00a0e ampliar a qualidade do ensino p\u00fablico oferecido no munic\u00edpio.<\/p>\n\n\n\n<p>A forma\u00e7\u00e3o reafirma o compromisso da gest\u00e3o municipal com uma\u00a0educa\u00e7\u00e3o p\u00fablica de excel\u00eancia, colaborativa e alinhada aos desafios contempor\u00e2neos, reconhecendo a import\u00e2ncia da forma\u00e7\u00e3o continuada como ferramenta essencial para o desenvolvimento das equipes escolares e, consequentemente, para o avan\u00e7o da aprendizagem dos estudantes.<\/p>\n\n\n\n<p>Prefeitura de Morretes<\/p>\n","protected":false},"excerpt":{"rendered":"<p>No \u00faltimo dia\u00a018 de junho, a Prefeitura de Morretes, por meio da\u00a0Secretaria Municipal de Educa\u00e7\u00e3o\u00a0e em parceria com o\u00a0Projeto Avan\u00e7a Litoral, realizou um encontro formativo voltado aos\u00a0coordenadores pedag\u00f3gicos\u00a0e\u00a0equipes t\u00e9cnicas\u00a0das escolas da rede municipal e da pr\u00f3pria secretaria. Com o tema\u00a0\u201cForma\u00e7\u00e3o Continuada dos Coordenadores Pedag\u00f3gicos \u2013 Ensino Fundamental I\u201d, o encontro teve como principal objetivo\u00a0fortalecer a [&hellip;]<\/p>\n","protected":false},"author":2,"featured_media":69348,"comment_status":"open","ping_status":"open","sticky":false,"template":"","format":"standard","meta":{"advanced_seo_description":"","jetpack_seo_html_title":"","jetpack_seo_noindex":false,"_jetpack_memberships_contains_paid_content":false,"footnotes":""},"categories":[125],"tags":[],"class_list":{"0":"post-69347","1":"post","2":"type-post","3":"status-publish","4":"format-standard","5":"has-post-thumbnail","7":"category-morretes"},"jetpack_featured_media_url":"https:\/\/www.paranapraia.com.br\/wp-content\/uploads\/2025\/06\/img6116-scaled.jpg","jetpack_sharing_enabled":true,"_links":{"self":[{"href":"https:\/\/www.paranapraia.com.br\/index.php\/wp-json\/wp\/v2\/posts\/69347"}],"collection":[{"href":"https:\/\/www.paranapraia.com.br\/index.php\/wp-json\/wp\/v2\/posts"}],"about":[{"href":"https:\/\/www.paranapraia.com.br\/index.php\/wp-json\/wp\/v2\/types\/post"}],"author":[{"embeddable":true,"href":"https:\/\/www.paranapraia.com.br\/index.php\/wp-json\/wp\/v2\/users\/2"}],"replies":[{"embeddable":true,"href":"https:\/\/www.paranapraia.com.br\/index.php\/wp-json\/wp\/v2\/comments?post=69347"}],"version-history":[{"count":1,"href":"https:\/\/www.paranapraia.com.br\/index.php\/wp-json\/wp\/v2\/posts\/69347\/revisions"}],"predecessor-version":[{"id":69349,"href":"https:\/\/www.paranapraia.com.br\/index.php\/wp-json\/wp\/v2\/posts\/69347\/revisions\/69349"}],"wp:featuredmedia":[{"embeddable":true,"href":"https:\/\/www.paranapraia.com.br\/index.php\/wp-json\/wp\/v2\/media\/69348"}],"wp:attachment":[{"href":"https:\/\/www.paranapraia.com.br\/index.php\/wp-json\/wp\/v2\/media?parent=69347"}],"wp:term":[{"taxonomy":"category","embeddable":true,"href":"https:\/\/www.paranapraia.com.br\/index.php\/wp-json\/wp\/v2\/categories?post=69347"},{"taxonomy":"post_tag","embeddable":true,"href":"https:\/\/www.paranapraia.com.br\/index.php\/wp-json\/wp\/v2\/tags?post=69347"}],"curies":[{"name":"wp","href":"https:\/\/api.w.org\/{rel}","templated":true}]}}