{"id":69343,"date":"2025-06-26T11:34:59","date_gmt":"2025-06-26T14:34:59","guid":{"rendered":"https:\/\/www.paranapraia.com.br\/?p=69343"},"modified":"2025-06-26T11:35:01","modified_gmt":"2025-06-26T14:35:01","slug":"prefeitura-de-morretes-avanca-com-acoes-de-limpeza-urbana-em-diversos-pontos-da-cidade","status":"publish","type":"post","link":"https:\/\/www.paranapraia.com.br\/index.php\/2025\/06\/26\/prefeitura-de-morretes-avanca-com-acoes-de-limpeza-urbana-em-diversos-pontos-da-cidade\/","title":{"rendered":"Prefeitura de Morretes avan\u00e7a com a\u00e7\u00f5es de limpeza urbana em diversos pontos da cidade"},"content":{"rendered":"\n<p>A\u00a0Prefeitura de Morretes, por meio da\u00a0Secretaria Municipal de Meio Ambiente e Urbanismo, tem intensificado as a\u00e7\u00f5es de limpeza urbana no munic\u00edpio, seguindo um\u00a0cronograma estrat\u00e9gico de manuten\u00e7\u00e3o de \u00e1reas p\u00fablicas. Ao longo desta semana, entre os dias\u00a024 e 25 de junho, as equipes de ro\u00e7ada e coleta de material vegetal atuaram em diferentes regi\u00f5es, tanto na \u00e1rea urbana quanto em pontos da zona rural.<\/p>\n\n\n\n<p>O objetivo do trabalho \u00e9 garantir\u00a0mais seguran\u00e7a, bem-estar e qualidade de vida para a popula\u00e7\u00e3o, al\u00e9m de contribuir com a\u00a0preserva\u00e7\u00e3o ambiental e a organiza\u00e7\u00e3o dos espa\u00e7os p\u00fablicos, especialmente em locais de grande circula\u00e7\u00e3o de pessoas e institui\u00e7\u00f5es de servi\u00e7o essencial.<\/p>\n\n\n\n<p><strong>Ter\u00e7a-feira, 24 de junho<\/strong><\/p>\n\n\n\n<p>As equipes iniciaram os trabalhos com servi\u00e7os de\u00a0ro\u00e7ada e capina\u00a0nos seguintes locais:<\/p>\n\n\n\n<ul class=\"wp-block-list\">\n<li>Estrada do Babau\u00a0\u2013 importante via da zona rural, com grande circula\u00e7\u00e3o de ve\u00edculos e moradores.<\/li>\n\n\n\n<li>Biblioteca desativada\u00a0\u2013 limpeza e manuten\u00e7\u00e3o preventiva em espa\u00e7o p\u00fablico.<\/li>\n\n\n\n<li>Ceasa\u00a0\u2013 local de abastecimento e com\u00e9rcio que demanda aten\u00e7\u00e3o frequente para garantir boas condi\u00e7\u00f5es de uso.<\/li>\n<\/ul>\n\n\n\n<p>J\u00e1 a\u00a0equipe de coleta de material vegetal\u00a0realizou a retirada de res\u00edduos e galhos nos bairros:<\/p>\n\n\n\n<ul class=\"wp-block-list\">\n<li>Clube dos 30<\/li>\n\n\n\n<li>Porto de Cima<\/li>\n<\/ul>\n\n\n\n<p><strong>Quarta-feira, 25 de junho<\/strong><\/p>\n\n\n\n<p>As frentes de trabalho foram ampliadas, com atua\u00e7\u00e3o em pr\u00e9dios p\u00fablicos e \u00e1reas comunit\u00e1rias:<\/p>\n\n\n\n<p><strong>Equipe de ro\u00e7ada:<\/strong><\/p>\n\n\n\n<ul class=\"wp-block-list\">\n<li>Casa Lar\u00a0\u2013 espa\u00e7o de acolhimento que recebeu manuten\u00e7\u00e3o completa nos arredores.<\/li>\n\n\n\n<li>Quartel do Corpo de Bombeiros\u00a0e\u00a0sede da Pol\u00edcia Militar\u00a0\u2013 locais essenciais de atendimento \u00e0 popula\u00e7\u00e3o.<\/li>\n\n\n\n<li>Parque Vila Ramos\u00a0\u2013 \u00e1rea verde de uso coletivo, que recebeu ro\u00e7ada para facilitar o uso e evitar a prolifera\u00e7\u00e3o de insetos.<\/li>\n\n\n\n<li>\u00c1rea municipal da Vila Graciosa\u00a0\u2013 manuten\u00e7\u00e3o em \u00e1reas institucionais e entorno.<\/li>\n<\/ul>\n\n\n\n<p><strong>Equipe de coleta de material vegetal:<\/strong><\/p>\n\n\n\n<ul class=\"wp-block-list\">\n<li>Ceasa<\/li>\n\n\n\n<li>Vila Ramos<\/li>\n\n\n\n<li>Vila Graciosa<\/li>\n<\/ul>\n\n\n\n<p><strong>Compromisso com o cuidado com a cidade<\/strong><\/p>\n\n\n\n<p>As a\u00e7\u00f5es fazem parte de um\u00a0planejamento cont\u00ednuo da Secretaria de Meio Ambiente e Urbanismo, que atua de forma organizada e rotativa em todas as regi\u00f5es de Morretes. As equipes realizam servi\u00e7os de\u00a0ro\u00e7ada, capina, poda e retirada de material vegetal\u00a0com o apoio log\u00edstico necess\u00e1rio para garantir efici\u00eancia e agilidade.<\/p>\n\n\n\n<p>Segundo a Secretaria, a colabora\u00e7\u00e3o da popula\u00e7\u00e3o tamb\u00e9m \u00e9 essencial para manter a cidade limpa e bem cuidada. Por isso, a Prefeitura refor\u00e7a o pedido para que\u00a0a popula\u00e7\u00e3o evite o descarte irregular de res\u00edduos, galhos e entulhos\u00a0em vias p\u00fablicas, colaborando com o cronograma de limpeza e a conserva\u00e7\u00e3o do ambiente.<\/p>\n\n\n\n<p>A Prefeitura de Morretes reafirma seu compromisso com a\u00a0gest\u00e3o ambiental respons\u00e1vel, prezando pela\u00a0manuten\u00e7\u00e3o dos espa\u00e7os coletivos, sa\u00fade p\u00fablica e a valoriza\u00e7\u00e3o das paisagens urbanas e rurais\u00a0do munic\u00edpio.<\/p>\n\n\n\n<p>Prefeitura de Morretes<\/p>\n","protected":false},"excerpt":{"rendered":"<p>A\u00a0Prefeitura de Morretes, por meio da\u00a0Secretaria Municipal de Meio Ambiente e Urbanismo, tem intensificado as a\u00e7\u00f5es de limpeza urbana no munic\u00edpio, seguindo um\u00a0cronograma estrat\u00e9gico de manuten\u00e7\u00e3o de \u00e1reas p\u00fablicas. Ao longo desta semana, entre os dias\u00a024 e 25 de junho, as equipes de ro\u00e7ada e coleta de material vegetal atuaram em diferentes regi\u00f5es, tanto na [&hellip;]<\/p>\n","protected":false},"author":2,"featured_media":69344,"comment_status":"open","ping_status":"open","sticky":false,"template":"","format":"standard","meta":{"advanced_seo_description":"","jetpack_seo_html_title":"","jetpack_seo_noindex":false,"_jetpack_memberships_contains_paid_content":false,"footnotes":""},"categories":[125],"tags":[],"class_list":{"0":"post-69343","1":"post","2":"type-post","3":"status-publish","4":"format-standard","5":"has-post-thumbnail","7":"category-morretes"},"jetpack_featured_media_url":"https:\/\/www.paranapraia.com.br\/wp-content\/uploads\/2025\/06\/whatsapp-image-2025-06-24-at-153330-scaled.jpg","jetpack_sharing_enabled":true,"_links":{"self":[{"href":"https:\/\/www.paranapraia.com.br\/index.php\/wp-json\/wp\/v2\/posts\/69343"}],"collection":[{"href":"https:\/\/www.paranapraia.com.br\/index.php\/wp-json\/wp\/v2\/posts"}],"about":[{"href":"https:\/\/www.paranapraia.com.br\/index.php\/wp-json\/wp\/v2\/types\/post"}],"author":[{"embeddable":true,"href":"https:\/\/www.paranapraia.com.br\/index.php\/wp-json\/wp\/v2\/users\/2"}],"replies":[{"embeddable":true,"href":"https:\/\/www.paranapraia.com.br\/index.php\/wp-json\/wp\/v2\/comments?post=69343"}],"version-history":[{"count":1,"href":"https:\/\/www.paranapraia.com.br\/index.php\/wp-json\/wp\/v2\/posts\/69343\/revisions"}],"predecessor-version":[{"id":69345,"href":"https:\/\/www.paranapraia.com.br\/index.php\/wp-json\/wp\/v2\/posts\/69343\/revisions\/69345"}],"wp:featuredmedia":[{"embeddable":true,"href":"https:\/\/www.paranapraia.com.br\/index.php\/wp-json\/wp\/v2\/media\/69344"}],"wp:attachment":[{"href":"https:\/\/www.paranapraia.com.br\/index.php\/wp-json\/wp\/v2\/media?parent=69343"}],"wp:term":[{"taxonomy":"category","embeddable":true,"href":"https:\/\/www.paranapraia.com.br\/index.php\/wp-json\/wp\/v2\/categories?post=69343"},{"taxonomy":"post_tag","embeddable":true,"href":"https:\/\/www.paranapraia.com.br\/index.php\/wp-json\/wp\/v2\/tags?post=69343"}],"curies":[{"name":"wp","href":"https:\/\/api.w.org\/{rel}","templated":true}]}}