{"id":69340,"date":"2025-06-26T11:26:50","date_gmt":"2025-06-26T14:26:50","guid":{"rendered":"https:\/\/www.paranapraia.com.br\/?p=69340"},"modified":"2025-06-26T11:26:52","modified_gmt":"2025-06-26T14:26:52","slug":"morretes-concidade-inicia-novo-ciclo-com-posse-de-membros-e-discussao-do-regimento-interno","status":"publish","type":"post","link":"https:\/\/www.paranapraia.com.br\/index.php\/2025\/06\/26\/morretes-concidade-inicia-novo-ciclo-com-posse-de-membros-e-discussao-do-regimento-interno\/","title":{"rendered":"Morretes: Concidade inicia novo ciclo com posse de membros e discuss\u00e3o do Regimento Interno"},"content":{"rendered":"\n<p>O\u00a0Conselho da Cidade de Morretes (Concidade)\u00a0deu in\u00edcio, nesta semana, a um novo ciclo de atua\u00e7\u00e3o, com a\u00a0realiza\u00e7\u00e3o da primeira reuni\u00e3o da nova composi\u00e7\u00e3o nomeada pelo Decreto Municipal n\u00ba 2.178\/2025. O encontro marcou o in\u00edcio oficial dos trabalhos dos conselheiros eleitos durante a\u00a0II Confer\u00eancia Municipal da Cidade, realizada em abril deste ano.<\/p>\n\n\n\n<p>Institu\u00eddo pela\u00a0Lei Municipal n\u00ba 850\/2024, o Concidade \u00e9 um\u00a0espa\u00e7o democr\u00e1tico de planejamento urbano, que tem como miss\u00e3o\u00a0acompanhar a aplica\u00e7\u00e3o do Plano Diretor, propor diretrizes, pol\u00edticas urban\u00edsticas e promover o desenvolvimento equilibrado e sustent\u00e1vel de Morretes.<\/p>\n\n\n\n<p>O conselho \u00e9 formado por representantes da\u00a0Prefeitura, da\u00a0C\u00e2mara Municipal\u00a0e da\u00a0sociedade civil organizada, contemplando entidades dos setores\u00a0imobili\u00e1rio, com\u00e9rcio, servi\u00e7os e turismo, al\u00e9m de\u00a0associa\u00e7\u00f5es comunit\u00e1rias\u00a0e institui\u00e7\u00f5es ligadas a projetos sociais. A pluralidade de representa\u00e7\u00f5es garante que as decis\u00f5es sobre o ordenamento do munic\u00edpio contem com\u00a0escuta ativa e participa\u00e7\u00e3o cidad\u00e3.<\/p>\n\n\n\n<p>A primeira reuni\u00e3o da nova composi\u00e7\u00e3o ocorreu na\u00a0ter\u00e7a-feira, 24 de junho, na sede da Biblioteca Municipal. O principal ponto da pauta foi a\u00a0discuss\u00e3o e atualiza\u00e7\u00e3o do Regimento Interno, documento que nortear\u00e1 a organiza\u00e7\u00e3o e o funcionamento do Concidade nos pr\u00f3ximos anos.<\/p>\n\n\n\n<p>A Prefeitura de Morretes reitera seu compromisso com a\u00a0transpar\u00eancia e a gest\u00e3o participativa, fortalecendo instrumentos como o Concidade, que\u00a0promovem o di\u00e1logo entre poder p\u00fablico e comunidade\u00a0e asseguram que o desenvolvimento urbano ocorra com planejamento, responsabilidade e inclus\u00e3o social.<\/p>\n\n\n\n<p>Prefeitura de Morretes<\/p>\n","protected":false},"excerpt":{"rendered":"<p>O\u00a0Conselho da Cidade de Morretes (Concidade)\u00a0deu in\u00edcio, nesta semana, a um novo ciclo de atua\u00e7\u00e3o, com a\u00a0realiza\u00e7\u00e3o da primeira reuni\u00e3o da nova composi\u00e7\u00e3o nomeada pelo Decreto Municipal n\u00ba 2.178\/2025. O encontro marcou o in\u00edcio oficial dos trabalhos dos conselheiros eleitos durante a\u00a0II Confer\u00eancia Municipal da Cidade, realizada em abril deste ano. Institu\u00eddo pela\u00a0Lei Municipal n\u00ba [&hellip;]<\/p>\n","protected":false},"author":2,"featured_media":69341,"comment_status":"open","ping_status":"open","sticky":false,"template":"","format":"standard","meta":{"advanced_seo_description":"","jetpack_seo_html_title":"","jetpack_seo_noindex":false,"_jetpack_memberships_contains_paid_content":false,"footnotes":""},"categories":[125],"tags":[],"class_list":{"0":"post-69340","1":"post","2":"type-post","3":"status-publish","4":"format-standard","5":"has-post-thumbnail","7":"category-morretes"},"jetpack_featured_media_url":"https:\/\/www.paranapraia.com.br\/wp-content\/uploads\/2025\/06\/whatsapp-image-2025-06-25-at-142825-scaled.jpg","jetpack_sharing_enabled":true,"_links":{"self":[{"href":"https:\/\/www.paranapraia.com.br\/index.php\/wp-json\/wp\/v2\/posts\/69340"}],"collection":[{"href":"https:\/\/www.paranapraia.com.br\/index.php\/wp-json\/wp\/v2\/posts"}],"about":[{"href":"https:\/\/www.paranapraia.com.br\/index.php\/wp-json\/wp\/v2\/types\/post"}],"author":[{"embeddable":true,"href":"https:\/\/www.paranapraia.com.br\/index.php\/wp-json\/wp\/v2\/users\/2"}],"replies":[{"embeddable":true,"href":"https:\/\/www.paranapraia.com.br\/index.php\/wp-json\/wp\/v2\/comments?post=69340"}],"version-history":[{"count":1,"href":"https:\/\/www.paranapraia.com.br\/index.php\/wp-json\/wp\/v2\/posts\/69340\/revisions"}],"predecessor-version":[{"id":69342,"href":"https:\/\/www.paranapraia.com.br\/index.php\/wp-json\/wp\/v2\/posts\/69340\/revisions\/69342"}],"wp:featuredmedia":[{"embeddable":true,"href":"https:\/\/www.paranapraia.com.br\/index.php\/wp-json\/wp\/v2\/media\/69341"}],"wp:attachment":[{"href":"https:\/\/www.paranapraia.com.br\/index.php\/wp-json\/wp\/v2\/media?parent=69340"}],"wp:term":[{"taxonomy":"category","embeddable":true,"href":"https:\/\/www.paranapraia.com.br\/index.php\/wp-json\/wp\/v2\/categories?post=69340"},{"taxonomy":"post_tag","embeddable":true,"href":"https:\/\/www.paranapraia.com.br\/index.php\/wp-json\/wp\/v2\/tags?post=69340"}],"curies":[{"name":"wp","href":"https:\/\/api.w.org\/{rel}","templated":true}]}}