{"id":69336,"date":"2025-06-26T11:23:35","date_gmt":"2025-06-26T14:23:35","guid":{"rendered":"https:\/\/www.paranapraia.com.br\/?p=69336"},"modified":"2025-06-26T11:23:37","modified_gmt":"2025-06-26T14:23:37","slug":"servidora-da-area-da-saude-encerra-carreira-e-e-homenageada-pela-prefeitura-de-pontal-do-parana","status":"publish","type":"post","link":"https:\/\/www.paranapraia.com.br\/index.php\/2025\/06\/26\/servidora-da-area-da-saude-encerra-carreira-e-e-homenageada-pela-prefeitura-de-pontal-do-parana\/","title":{"rendered":"Servidora da \u00e1rea da sa\u00fade encerra carreira e \u00e9 homenageada pela Prefeitura de Pontal do Paran\u00e1"},"content":{"rendered":"\n<p>Na manh\u00e3 desta quinta-feira (26), a Prefeitura de Pontal do Paran\u00e1 prestou uma homenagem \u00e0 servidora Araci Aparecida de Almeida Munhoz, que encerra sua trajet\u00f3ria profissional ap\u00f3s 17 anos de atua\u00e7\u00e3o no servi\u00e7o p\u00fablico municipal.<\/p>\n\n\n\n<p>A homenagem ocorreu no gabinete do prefeito Rud\u00e3o Gimenes e contou com a presen\u00e7a de familiares, colegas de trabalho e autoridades da gest\u00e3o.<\/p>\n\n\n\n<p>Araci <a><\/a>ingressou na Prefeitura como Agente de Sa\u00fade P\u00fablica, antiga nomenclatura para o cargo de Auxiliar de Sa\u00fade, e atuou nas Unidades B\u00e1sicas de Sa\u00fade de Pontal do Sul e Shangri-L\u00e1. Nos \u00faltimos anos, trabalhou no Pronto Atendimento 24h de Shangri-L\u00e1, exercendo fun\u00e7\u00f5es na recep\u00e7\u00e3o, farm\u00e1cia e como auxiliar de dentista.<\/p>\n\n\n\n<p>A despedida faz parte das atividades realizadas em homenagem aos 30 anos de emancipa\u00e7\u00e3o do munic\u00edpio, valorizando os servidores que tiveram participa\u00e7\u00e3o direta na presta\u00e7\u00e3o de servi\u00e7os \u00e0 comunidade.<\/p>\n\n\n\n<p>O prefeito Rud\u00e3o agradeceu a dedica\u00e7\u00e3o de Araci ao longo de sua carreira, afirmando que a atua\u00e7\u00e3o de profissionais como ela tem impacto direto na qualidade de vida dos moradores.<\/p>\n\n\n\n<figure class=\"wp-block-image size-large\"><img loading=\"lazy\" decoding=\"async\" width=\"1024\" height=\"682\" src=\"https:\/\/www.paranapraia.com.br\/wp-content\/uploads\/2025\/06\/514082739_1070261248536165_1905833093174270207_n-1024x682.jpg\" alt=\"\" class=\"wp-image-69337\" srcset=\"https:\/\/www.paranapraia.com.br\/wp-content\/uploads\/2025\/06\/514082739_1070261248536165_1905833093174270207_n-1024x682.jpg 1024w, https:\/\/www.paranapraia.com.br\/wp-content\/uploads\/2025\/06\/514082739_1070261248536165_1905833093174270207_n-300x200.jpg 300w, https:\/\/www.paranapraia.com.br\/wp-content\/uploads\/2025\/06\/514082739_1070261248536165_1905833093174270207_n-768x512.jpg 768w, https:\/\/www.paranapraia.com.br\/wp-content\/uploads\/2025\/06\/514082739_1070261248536165_1905833093174270207_n-696x464.jpg 696w, https:\/\/www.paranapraia.com.br\/wp-content\/uploads\/2025\/06\/514082739_1070261248536165_1905833093174270207_n-1068x712.jpg 1068w, https:\/\/www.paranapraia.com.br\/wp-content\/uploads\/2025\/06\/514082739_1070261248536165_1905833093174270207_n-scaled.jpg 800w\" sizes=\"(max-width: 1024px) 100vw, 1024px\" \/><\/figure>\n\n\n\n<p>Al\u00e9m do prefeito, tamb\u00e9m estiveram presentes \u00e0 homenagem a procuradora geral do munic\u00edpio, Dra. Verginia Mara Pedroso; o chefe de gabinete, Jorge Novakovich; a superintendente de Gest\u00e3o Estrat\u00e9gica e Suporte ao Servidor, professora Renata Marinho; a agente administrativa \u00c1urea Munhoz; e familiares da servidora.<\/p>\n\n\n\n<p>Em reconhecimento ao tempo dedicado ao servi\u00e7o p\u00fablico, a Prefeitura Municipal de Pontal do Paran\u00e1 agradeceu \u00e0 servidora Araci e lhe desejou um caminho cheio de conquistas.<\/p>\n\n\n\n<p>Prefeitura de Pontal do Paran\u00e1<\/p>\n","protected":false},"excerpt":{"rendered":"<p>Na manh\u00e3 desta quinta-feira (26), a Prefeitura de Pontal do Paran\u00e1 prestou uma homenagem \u00e0 servidora Araci Aparecida de Almeida Munhoz, que encerra sua trajet\u00f3ria profissional ap\u00f3s 17 anos de atua\u00e7\u00e3o no servi\u00e7o p\u00fablico municipal. A homenagem ocorreu no gabinete do prefeito Rud\u00e3o Gimenes e contou com a presen\u00e7a de familiares, colegas de trabalho e [&hellip;]<\/p>\n","protected":false},"author":2,"featured_media":69338,"comment_status":"open","ping_status":"open","sticky":false,"template":"","format":"standard","meta":{"advanced_seo_description":"","jetpack_seo_html_title":"","jetpack_seo_noindex":false,"_jetpack_memberships_contains_paid_content":false,"footnotes":""},"categories":[65],"tags":[],"class_list":{"0":"post-69336","1":"post","2":"type-post","3":"status-publish","4":"format-standard","5":"has-post-thumbnail","7":"category-pontal-do-parana"},"jetpack_featured_media_url":"https:\/\/www.paranapraia.com.br\/wp-content\/uploads\/2025\/06\/513978910_1070261268536163_7918129148907971279_n-scaled.jpg","jetpack_sharing_enabled":true,"_links":{"self":[{"href":"https:\/\/www.paranapraia.com.br\/index.php\/wp-json\/wp\/v2\/posts\/69336"}],"collection":[{"href":"https:\/\/www.paranapraia.com.br\/index.php\/wp-json\/wp\/v2\/posts"}],"about":[{"href":"https:\/\/www.paranapraia.com.br\/index.php\/wp-json\/wp\/v2\/types\/post"}],"author":[{"embeddable":true,"href":"https:\/\/www.paranapraia.com.br\/index.php\/wp-json\/wp\/v2\/users\/2"}],"replies":[{"embeddable":true,"href":"https:\/\/www.paranapraia.com.br\/index.php\/wp-json\/wp\/v2\/comments?post=69336"}],"version-history":[{"count":1,"href":"https:\/\/www.paranapraia.com.br\/index.php\/wp-json\/wp\/v2\/posts\/69336\/revisions"}],"predecessor-version":[{"id":69339,"href":"https:\/\/www.paranapraia.com.br\/index.php\/wp-json\/wp\/v2\/posts\/69336\/revisions\/69339"}],"wp:featuredmedia":[{"embeddable":true,"href":"https:\/\/www.paranapraia.com.br\/index.php\/wp-json\/wp\/v2\/media\/69338"}],"wp:attachment":[{"href":"https:\/\/www.paranapraia.com.br\/index.php\/wp-json\/wp\/v2\/media?parent=69336"}],"wp:term":[{"taxonomy":"category","embeddable":true,"href":"https:\/\/www.paranapraia.com.br\/index.php\/wp-json\/wp\/v2\/categories?post=69336"},{"taxonomy":"post_tag","embeddable":true,"href":"https:\/\/www.paranapraia.com.br\/index.php\/wp-json\/wp\/v2\/tags?post=69336"}],"curies":[{"name":"wp","href":"https:\/\/api.w.org\/{rel}","templated":true}]}}