{"id":69333,"date":"2025-06-26T11:20:57","date_gmt":"2025-06-26T14:20:57","guid":{"rendered":"https:\/\/www.paranapraia.com.br\/?p=69333"},"modified":"2025-06-26T11:21:00","modified_gmt":"2025-06-26T14:21:00","slug":"conselho-municipal-de-cultura-discute-avancos-e-prioridades-para-o-setor-em-morretes","status":"publish","type":"post","link":"https:\/\/www.paranapraia.com.br\/index.php\/2025\/06\/26\/conselho-municipal-de-cultura-discute-avancos-e-prioridades-para-o-setor-em-morretes\/","title":{"rendered":"Conselho Municipal de Cultura discute avan\u00e7os e prioridades para o setor em Morretes"},"content":{"rendered":"\n<p>O\u00a0Conselho Municipal de Cultura de Morretes\u00a0realizou reuni\u00e3o no \u00faltimo dia\u00a016 de junho, na sede da\u00a0Biblioteca P\u00fablica Municipal Jos\u00e9 Gon\u00e7alves de Morais, reunindo conselheiros, representantes da sociedade civil e do poder p\u00fablico para debater temas estrat\u00e9gicos para o fortalecimento da cultura no munic\u00edpio.<\/p>\n\n\n\n<p>Entre os principais pontos da pauta, destacou-se a\u00a0apresenta\u00e7\u00e3o da Caravana Pactos pela Cultura\u00a0e a import\u00e2ncia da participa\u00e7\u00e3o de Morretes no\u00a0encontro estadual em Paranagu\u00e1, refor\u00e7ando o compromisso da cidade com a constru\u00e7\u00e3o colaborativa de pol\u00edticas p\u00fablicas culturais em \u00e2mbito regional.<\/p>\n\n\n\n<p>Foram discutidos ainda o andamento do\u00a0Plano Municipal de Cultura\u00a0e do\u00a0Fundo Municipal de Cultura, al\u00e9m de atualiza\u00e7\u00f5es sobre a\u00a0reforma do Teatro Municipal, projetos de revitaliza\u00e7\u00e3o da\u00a0Casa Rocha Pombo\u00a0e da\u00a0Casa Zaina, com foco na preserva\u00e7\u00e3o do patrim\u00f4nio hist\u00f3rico local.<\/p>\n\n\n\n<p>Durante a reuni\u00e3o, os conselheiros tamb\u00e9m trataram de propostas ligadas ao\u00a0Programa Incentivar, \u00e0\u00a0produ\u00e7\u00e3o de um document\u00e1rio sobre Roberto Fran\u00e7a\u00a0e \u00e0 necessidade de\u00a0maior engajamento das empresas no apoio \u00e0 cultura. Outro ponto debatido foi a\u00a0comunica\u00e7\u00e3o institucional\u00a0da \u00faltima edi\u00e7\u00e3o da Festa Feira, com sugest\u00f5es de melhorias e a proposta de participa\u00e7\u00e3o da\u00a0Secretaria Municipal de Comunica\u00e7\u00e3o nas reuni\u00f5es do Conselho.<\/p>\n\n\n\n<p>No campo da educa\u00e7\u00e3o, os membros destacaram a import\u00e2ncia da amplia\u00e7\u00e3o de\u00a0a\u00e7\u00f5es culturais nas escolas, sugerindo a\u00a0elabora\u00e7\u00e3o de uma minuta de regulamenta\u00e7\u00e3o\u00a0e a\u00a0forma\u00e7\u00e3o de educadores\u00a0para atua\u00e7\u00e3o conjunta com projetos culturais.<\/p>\n\n\n\n<p>O secret\u00e1rio municipal de Cultura e Turismo,\u00a0Gilton Dias Junior, ressaltou a relev\u00e2ncia do espa\u00e7o de di\u00e1logo promovido pelo Conselho:<\/p>\n\n\n\n<p><em>\u201cEstamos avan\u00e7ando na constru\u00e7\u00e3o de pol\u00edticas p\u00fablicas culturais que tenham continuidade e representem as diferentes express\u00f5es da nossa cidade. O Conselho tem papel fundamental nesse processo, propondo, acompanhando e fortalecendo a\u00e7\u00f5es que envolvem desde a valoriza\u00e7\u00e3o do patrim\u00f4nio at\u00e9 a forma\u00e7\u00e3o art\u00edstica nas escolas. Nosso compromisso \u00e9 seguir ouvindo, dialogando e trabalhando com responsabilidade para que a cultura de Morretes ocupe o lugar de destaque que merece.\u201d<\/em><\/p>\n\n\n\n<p>A Prefeitura de Morretes refor\u00e7a seu compromisso com a\u00a0participa\u00e7\u00e3o democr\u00e1tica, a valoriza\u00e7\u00e3o da cultura local\u00a0e a constru\u00e7\u00e3o de uma pol\u00edtica cultural s\u00f3lida, inclusiva e voltada ao desenvolvimento humano e social.<\/p>\n\n\n\n<p>Prefeitura de Morretes<\/p>\n","protected":false},"excerpt":{"rendered":"<p>O\u00a0Conselho Municipal de Cultura de Morretes\u00a0realizou reuni\u00e3o no \u00faltimo dia\u00a016 de junho, na sede da\u00a0Biblioteca P\u00fablica Municipal Jos\u00e9 Gon\u00e7alves de Morais, reunindo conselheiros, representantes da sociedade civil e do poder p\u00fablico para debater temas estrat\u00e9gicos para o fortalecimento da cultura no munic\u00edpio. Entre os principais pontos da pauta, destacou-se a\u00a0apresenta\u00e7\u00e3o da Caravana Pactos pela Cultura\u00a0e [&hellip;]<\/p>\n","protected":false},"author":2,"featured_media":69334,"comment_status":"open","ping_status":"open","sticky":false,"template":"","format":"standard","meta":{"advanced_seo_description":"","jetpack_seo_html_title":"","jetpack_seo_noindex":false,"_jetpack_memberships_contains_paid_content":false,"footnotes":""},"categories":[125],"tags":[],"class_list":{"0":"post-69333","1":"post","2":"type-post","3":"status-publish","4":"format-standard","5":"has-post-thumbnail","7":"category-morretes"},"jetpack_featured_media_url":"https:\/\/www.paranapraia.com.br\/wp-content\/uploads\/2025\/06\/whatsapp-image-2025-06-24-at-093118-scaled.jpg","jetpack_sharing_enabled":true,"_links":{"self":[{"href":"https:\/\/www.paranapraia.com.br\/index.php\/wp-json\/wp\/v2\/posts\/69333"}],"collection":[{"href":"https:\/\/www.paranapraia.com.br\/index.php\/wp-json\/wp\/v2\/posts"}],"about":[{"href":"https:\/\/www.paranapraia.com.br\/index.php\/wp-json\/wp\/v2\/types\/post"}],"author":[{"embeddable":true,"href":"https:\/\/www.paranapraia.com.br\/index.php\/wp-json\/wp\/v2\/users\/2"}],"replies":[{"embeddable":true,"href":"https:\/\/www.paranapraia.com.br\/index.php\/wp-json\/wp\/v2\/comments?post=69333"}],"version-history":[{"count":1,"href":"https:\/\/www.paranapraia.com.br\/index.php\/wp-json\/wp\/v2\/posts\/69333\/revisions"}],"predecessor-version":[{"id":69335,"href":"https:\/\/www.paranapraia.com.br\/index.php\/wp-json\/wp\/v2\/posts\/69333\/revisions\/69335"}],"wp:featuredmedia":[{"embeddable":true,"href":"https:\/\/www.paranapraia.com.br\/index.php\/wp-json\/wp\/v2\/media\/69334"}],"wp:attachment":[{"href":"https:\/\/www.paranapraia.com.br\/index.php\/wp-json\/wp\/v2\/media?parent=69333"}],"wp:term":[{"taxonomy":"category","embeddable":true,"href":"https:\/\/www.paranapraia.com.br\/index.php\/wp-json\/wp\/v2\/categories?post=69333"},{"taxonomy":"post_tag","embeddable":true,"href":"https:\/\/www.paranapraia.com.br\/index.php\/wp-json\/wp\/v2\/tags?post=69333"}],"curies":[{"name":"wp","href":"https:\/\/api.w.org\/{rel}","templated":true}]}}