{"id":69330,"date":"2025-06-26T11:14:52","date_gmt":"2025-06-26T14:14:52","guid":{"rendered":"https:\/\/www.paranapraia.com.br\/?p=69330"},"modified":"2025-06-26T11:14:54","modified_gmt":"2025-06-26T14:14:54","slug":"pontal-do-parana-marca-presenca-no-1o-encontro-de-arborizacao-urbana-em-curitiba","status":"publish","type":"post","link":"https:\/\/www.paranapraia.com.br\/index.php\/2025\/06\/26\/pontal-do-parana-marca-presenca-no-1o-encontro-de-arborizacao-urbana-em-curitiba\/","title":{"rendered":"Pontal do Paran\u00e1 marca presen\u00e7a no 1\u00ba Encontro de Arboriza\u00e7\u00e3o Urbana em Curitiba"},"content":{"rendered":"\n<p>O Primeiro Encontro Estadual de Arboriza\u00e7\u00e3o Urbana do Paran\u00e1 foi realizado ontem (25) no Sal\u00e3o de Atos do Parque Barigui, em Curitiba.<\/p>\n\n\n\n<p>A iniciativa, organizada pela Secretaria de Desenvolvimento Sustent\u00e1vel do Estado (Sedest), reuniu especialistas, t\u00e9cnicos, institui\u00e7\u00f5es de pesquisa e gestores municipais para debater estrat\u00e9gias e boas pr\u00e1ticas voltadas \u00e0 arboriza\u00e7\u00e3o das cidades. O prefeito de <a><\/a>Pontal do Paran\u00e1, Rud\u00e3o Gimenes, esteve presente no evento, acompanhado do secret\u00e1rio municipal de Meio Ambiente, Agricultura e Pesca, Jackson Cesar Bassfeld.<\/p>\n\n\n\n<p>O encontro teve como foco principal o incentivo \u00e0 cria\u00e7\u00e3o e atualiza\u00e7\u00e3o dos planos municipais de arboriza\u00e7\u00e3o, destacando os impactos positivos do plantio planejado de \u00e1rvores nos centros urbanos. Entre os temas abordados estavam o papel dos munic\u00edpios na mitiga\u00e7\u00e3o das mudan\u00e7as clim\u00e1ticas, a import\u00e2ncia da vegeta\u00e7\u00e3o urbana para o conforto t\u00e9rmico, qualidade do ar, conserva\u00e7\u00e3o do solo, preven\u00e7\u00e3o de enchentes e valoriza\u00e7\u00e3o dos espa\u00e7os p\u00fablicos.<\/p>\n\n\n\n<p>O secret\u00e1rio estadual de Desenvolvimento Sustent\u00e1vel, Rafael Greca, destacou a urg\u00eancia de transformar planejamento em a\u00e7\u00e3o: \u201cEstamos aqui para evitar que a popula\u00e7\u00e3o sofra com os efeitos da crise clim\u00e1tica. \u00c9 hora de agir.\u201d<\/p>\n\n\n\n<p>Durante o evento, o Instituto \u00c1gua e Terra (IAT) apresentou medidas para modernizar seus 19 viveiros florestais e os dois laborat\u00f3rios de sementes. A nova abordagem inclui embalagens biodegrad\u00e1veis, uso racional da \u00e1gua, reaproveitamento energ\u00e9tico e a ado\u00e7\u00e3o da fertirriga\u00e7\u00e3o, que une irriga\u00e7\u00e3o e fertiliza\u00e7\u00e3o para maior efici\u00eancia no cultivo de mudas.<\/p>\n\n\n\n<p>Tamb\u00e9m foram realizadas visitas t\u00e9cnicas e palestras sobre pol\u00edticas p\u00fablicas, planejamento urbano e experi\u00eancias locais bem-sucedidas. A secret\u00e1ria de Meio Ambiente de Curitiba, Marilza Dias, lembrou que, embora as diretrizes venham das esferas federal e estadual, \u00e9 nas cidades que as a\u00e7\u00f5es se concretizam: \u201cEstamos vivendo o momento de executar aquilo que j\u00e1 foi planejado.\u201d<\/p>\n\n\n\n<p>O Minist\u00e9rio P\u00fablico do Paran\u00e1, por meio do promotor Paulo Afonso Conte, refor\u00e7ou a import\u00e2ncia de parcerias institucionais para consolidar pol\u00edticas de arboriza\u00e7\u00e3o. Segundo ele, o evento representa um marco na constru\u00e7\u00e3o de uma abordagem estruturada e cont\u00ednua para o tema.<\/p>\n\n\n\n<p>O encontro estadual foi antecedido, na ter\u00e7a-feira (24), por uma oficina participativa do Plano Nacional de Arboriza\u00e7\u00e3o Urbana (Planau), reunindo representantes de diversos estados do Sul e t\u00e9cnicos do Minist\u00e9rio do Meio Ambiente. As oficinas integram uma s\u00e9rie nacional coordenada pelo ICLEI \u2013 Governos Locais pela Sustentabilidade \u2013 e buscam reunir contribui\u00e7\u00f5es regionais para a elabora\u00e7\u00e3o do plano nacional.<\/p>\n\n\n\n<p>Com a participa\u00e7\u00e3o de diferentes esferas de governo, institui\u00e7\u00f5es e munic\u00edpios, o encontro refor\u00e7ou a import\u00e2ncia do planejamento ambiental como ferramenta essencial para o desenvolvimento urbano sustent\u00e1vel no Paran\u00e1.<\/p>\n\n\n\n<p>Prefeitura de Pontal do Paran\u00e1<\/p>\n","protected":false},"excerpt":{"rendered":"<p>O Primeiro Encontro Estadual de Arboriza\u00e7\u00e3o Urbana do Paran\u00e1 foi realizado ontem (25) no Sal\u00e3o de Atos do Parque Barigui, em Curitiba. A iniciativa, organizada pela Secretaria de Desenvolvimento Sustent\u00e1vel do Estado (Sedest), reuniu especialistas, t\u00e9cnicos, institui\u00e7\u00f5es de pesquisa e gestores municipais para debater estrat\u00e9gias e boas pr\u00e1ticas voltadas \u00e0 arboriza\u00e7\u00e3o das cidades. O prefeito [&hellip;]<\/p>\n","protected":false},"author":2,"featured_media":69331,"comment_status":"open","ping_status":"open","sticky":false,"template":"","format":"standard","meta":{"advanced_seo_description":"","jetpack_seo_html_title":"","jetpack_seo_noindex":false,"_jetpack_memberships_contains_paid_content":false,"footnotes":""},"categories":[65],"tags":[],"class_list":{"0":"post-69330","1":"post","2":"type-post","3":"status-publish","4":"format-standard","5":"has-post-thumbnail","7":"category-pontal-do-parana"},"jetpack_featured_media_url":"https:\/\/www.paranapraia.com.br\/wp-content\/uploads\/2025\/06\/512749514_1070186115210345_5878594157502152482_n-scaled.jpg","jetpack_sharing_enabled":true,"_links":{"self":[{"href":"https:\/\/www.paranapraia.com.br\/index.php\/wp-json\/wp\/v2\/posts\/69330"}],"collection":[{"href":"https:\/\/www.paranapraia.com.br\/index.php\/wp-json\/wp\/v2\/posts"}],"about":[{"href":"https:\/\/www.paranapraia.com.br\/index.php\/wp-json\/wp\/v2\/types\/post"}],"author":[{"embeddable":true,"href":"https:\/\/www.paranapraia.com.br\/index.php\/wp-json\/wp\/v2\/users\/2"}],"replies":[{"embeddable":true,"href":"https:\/\/www.paranapraia.com.br\/index.php\/wp-json\/wp\/v2\/comments?post=69330"}],"version-history":[{"count":1,"href":"https:\/\/www.paranapraia.com.br\/index.php\/wp-json\/wp\/v2\/posts\/69330\/revisions"}],"predecessor-version":[{"id":69332,"href":"https:\/\/www.paranapraia.com.br\/index.php\/wp-json\/wp\/v2\/posts\/69330\/revisions\/69332"}],"wp:featuredmedia":[{"embeddable":true,"href":"https:\/\/www.paranapraia.com.br\/index.php\/wp-json\/wp\/v2\/media\/69331"}],"wp:attachment":[{"href":"https:\/\/www.paranapraia.com.br\/index.php\/wp-json\/wp\/v2\/media?parent=69330"}],"wp:term":[{"taxonomy":"category","embeddable":true,"href":"https:\/\/www.paranapraia.com.br\/index.php\/wp-json\/wp\/v2\/categories?post=69330"},{"taxonomy":"post_tag","embeddable":true,"href":"https:\/\/www.paranapraia.com.br\/index.php\/wp-json\/wp\/v2\/tags?post=69330"}],"curies":[{"name":"wp","href":"https:\/\/api.w.org\/{rel}","templated":true}]}}