{"id":69327,"date":"2025-06-26T08:51:09","date_gmt":"2025-06-26T11:51:09","guid":{"rendered":"https:\/\/www.paranapraia.com.br\/?p=69327"},"modified":"2025-06-26T08:51:12","modified_gmt":"2025-06-26T11:51:12","slug":"pcpr-cumpre-mandado-contra-investigado-por-danificar-onibus-do-transporte-coletivo-51-vezes","status":"publish","type":"post","link":"https:\/\/www.paranapraia.com.br\/index.php\/2025\/06\/26\/pcpr-cumpre-mandado-contra-investigado-por-danificar-onibus-do-transporte-coletivo-51-vezes\/","title":{"rendered":"PCPR cumpre mandado contra investigado por danificar \u00f4nibus do transporte coletivo 51 vezes"},"content":{"rendered":"\n<p>A Pol\u00edcia Civil do Paran\u00e1 (PCPR) est\u00e1 nas ruas para cumprir um mandado de busca e apreens\u00e3o em um endere\u00e7o ligado a um indiv\u00edduo, de 30 anos, investigado pelos crimes de dano qualificado e dificultar o funcionamento de meio de transporte. A a\u00e7\u00e3o acontece na manh\u00e3 desta quinta-feira (26), no bairro Tatuquara, em Curitiba.<\/p>\n\n\n\n<p>O homem \u00e9 suspeito de ter danificado ve\u00edculos do transporte coletivo da Capital por pelo menos 51 vezes. Os crimes foram praticados nos bairros Tatuquara, Campo de Santana e S\u00edtio Cercado e passaram a ser investigados pela PCPR em abril deste ano.<\/p>\n\n\n\n<p>Segundo o delegado Fabiano Oliveira, o suspeito agia embarcado nos ve\u00edculos como passageiro. \u201cEle aproveitava de momentos nos quais poucas pessoas estavam no \u00f4nibus para praticar o vandalismo, que consistia em riscar os vidros do ve\u00edculo\u201d, diz.<\/p>\n\n\n\n<p>Ap\u00f3s a den\u00fancia feita pela empresa de transporte coletivo, a PCPR instaurou inqu\u00e9rito policial e chegou at\u00e9 a identidade do suspeito.<\/p>\n\n\n\n<p>AEN\/PR<\/p>\n","protected":false},"excerpt":{"rendered":"<p>A Pol\u00edcia Civil do Paran\u00e1 (PCPR) est\u00e1 nas ruas para cumprir um mandado de busca e apreens\u00e3o em um endere\u00e7o ligado a um indiv\u00edduo, de 30 anos, investigado pelos crimes de dano qualificado e dificultar o funcionamento de meio de transporte. A a\u00e7\u00e3o acontece na manh\u00e3 desta quinta-feira (26), no bairro Tatuquara, em Curitiba. O [&hellip;]<\/p>\n","protected":false},"author":2,"featured_media":69328,"comment_status":"open","ping_status":"open","sticky":false,"template":"","format":"standard","meta":{"advanced_seo_description":"","jetpack_seo_html_title":"","jetpack_seo_noindex":false,"_jetpack_memberships_contains_paid_content":false,"footnotes":""},"categories":[33],"tags":[],"class_list":{"0":"post-69327","1":"post","2":"type-post","3":"status-publish","4":"format-standard","5":"has-post-thumbnail","7":"category-policia"},"jetpack_featured_media_url":"https:\/\/www.paranapraia.com.br\/wp-content\/uploads\/2025\/06\/whatsapp_image_2025-06-26_at_08.02.43-scaled.jpg","jetpack_sharing_enabled":true,"_links":{"self":[{"href":"https:\/\/www.paranapraia.com.br\/index.php\/wp-json\/wp\/v2\/posts\/69327"}],"collection":[{"href":"https:\/\/www.paranapraia.com.br\/index.php\/wp-json\/wp\/v2\/posts"}],"about":[{"href":"https:\/\/www.paranapraia.com.br\/index.php\/wp-json\/wp\/v2\/types\/post"}],"author":[{"embeddable":true,"href":"https:\/\/www.paranapraia.com.br\/index.php\/wp-json\/wp\/v2\/users\/2"}],"replies":[{"embeddable":true,"href":"https:\/\/www.paranapraia.com.br\/index.php\/wp-json\/wp\/v2\/comments?post=69327"}],"version-history":[{"count":1,"href":"https:\/\/www.paranapraia.com.br\/index.php\/wp-json\/wp\/v2\/posts\/69327\/revisions"}],"predecessor-version":[{"id":69329,"href":"https:\/\/www.paranapraia.com.br\/index.php\/wp-json\/wp\/v2\/posts\/69327\/revisions\/69329"}],"wp:featuredmedia":[{"embeddable":true,"href":"https:\/\/www.paranapraia.com.br\/index.php\/wp-json\/wp\/v2\/media\/69328"}],"wp:attachment":[{"href":"https:\/\/www.paranapraia.com.br\/index.php\/wp-json\/wp\/v2\/media?parent=69327"}],"wp:term":[{"taxonomy":"category","embeddable":true,"href":"https:\/\/www.paranapraia.com.br\/index.php\/wp-json\/wp\/v2\/categories?post=69327"},{"taxonomy":"post_tag","embeddable":true,"href":"https:\/\/www.paranapraia.com.br\/index.php\/wp-json\/wp\/v2\/tags?post=69327"}],"curies":[{"name":"wp","href":"https:\/\/api.w.org\/{rel}","templated":true}]}}