{"id":69324,"date":"2025-06-26T08:46:34","date_gmt":"2025-06-26T11:46:34","guid":{"rendered":"https:\/\/www.paranapraia.com.br\/?p=69324"},"modified":"2025-06-26T08:46:37","modified_gmt":"2025-06-26T11:46:37","slug":"estado-reforca-parceria-com-prefeituras-e-camaras-municipais-em-evento-na-capital","status":"publish","type":"post","link":"https:\/\/www.paranapraia.com.br\/index.php\/2025\/06\/26\/estado-reforca-parceria-com-prefeituras-e-camaras-municipais-em-evento-na-capital\/","title":{"rendered":"Estado refor\u00e7a parceria com prefeituras e C\u00e2maras Municipais em evento na Capital"},"content":{"rendered":"\n<p>O governador em exerc\u00edcio Darci Piana destacou a parceria do Governo do Estado com os munic\u00edpios e as c\u00e2maras municipais na abertura da 4\u00aa Marcha dos Legislativos Municipais Paranaenses, que reuniu vereadores de todas as regi\u00f5es do Paran\u00e1 nesta quarta-feira (25) em Curitiba. O encontro foi organizado pela Uni\u00e3o de C\u00e2maras, Vereadores e Gestores P\u00fablicos do Paran\u00e1 (Uvepar).<\/p>\n\n\n\n<p>Para Piana, o trabalho em conjunto tem sido fundamental para dar capilaridade \u00e0s a\u00e7\u00f5es e programas de governo, levando investimentos recordes a todas as regi\u00f5es do Estado. \u201cNesta gest\u00e3o, o governo estadual preza pelo di\u00e1logo com todos os poderes e, no caso dos munic\u00edpios, trabalhamos com uma parceria muito forte com as c\u00e2maras das 399 cidades do nosso Estado. Trabalhar com esta liga\u00e7\u00e3o \u00e9 uma forma eficiente de ouvir e atender a popula\u00e7\u00e3o\u201d, disse.<\/p>\n\n\n\n<p>Durante o evento, foram apresentados diversos programas estaduais que refor\u00e7am esta parceria, como o Asfalto Novo, Vida Nova, que est\u00e1 pavimentando as vias urbanas dos munic\u00edpios com at\u00e9 100 mil habitantes, e o Ilumina Paran\u00e1, que faz a substitui\u00e7\u00e3o da ilumina\u00e7\u00e3o p\u00fablica das cidades por lumin\u00e1rias de LED.<\/p>\n\n\n\n<p>As a\u00e7\u00f5es t\u00eam como objetivo estruturar as cidades do Estado, impactando principalmente munic\u00edpios que n\u00e3o possuem capacidade financeira para fazer grandes investimentos com o caixa pr\u00f3prio. Os programas s\u00e3o desenvolvidos pela Secretaria de Cidades, que faz a libera\u00e7\u00e3o dos recursos a partir da apresenta\u00e7\u00e3o dos projetos pelos munic\u00edpios.<\/p>\n\n\n\n<p>\u201cEstamos apresentando a dimens\u00e3o e o alcance dos nossos programas, que t\u00eam mudado a hist\u00f3ria de muitas cidades. Mas, al\u00e9m disso, estamos ouvindo os vereadores para entender como estas pol\u00edticas podem ser calibradas para atender da melhor maneira poss\u00edvel a popula\u00e7\u00e3o\u201d, afirmou o secret\u00e1rio de Cidades, Guto Silva.<\/p>\n\n\n\n<p><strong>CAPILARIDADE<\/strong>&nbsp;\u2013 O Governo do Estado tem atuado com foco na capilaridade das a\u00e7\u00f5es e de seus programas, garantindo que os resultados cheguem \u00e0s cidades e regi\u00f5es que historicamente t\u00eam menos acesso \u00e0s pol\u00edticas e equipamentos p\u00fablicos.<\/p>\n\n\n\n<p>No caso do Asfalto Novo, Vida Nova, os investimentos totalizam R$ 2,2 bilh\u00f5es em 377 cidades do Estado, com maior parte das obras executadas em munic\u00edpios de at\u00e9 12 mil habitantes, que foram contemplados nas primeiras fases do programa. O objetivo \u00e9 acabar com as ruas de ch\u00e3o batido, levando mais qualidade de vida aos moradores destas cidades.<\/p>\n\n\n\n<p>No caso do Ilumina Paran\u00e1, a meta \u00e9&nbsp;<a href=\"https:\/\/www.parana.pr.gov.br\/aen\/Noticia\/Troca-de-luminarias-tradicionais-por-LED-gera-economia-de-R-56-milhoes-para-os\" target=\"_blank\" rel=\"noreferrer noopener\">trocar a ilumina\u00e7\u00e3o p\u00fablica de 100% dos munic\u00edpios do Estado at\u00e9 2026<\/a>, com um investimento previsto de R$ 300 milh\u00f5es. \u201cAl\u00e9m de promover a economia de energia, com l\u00e2mpadas mais eficientes, a melhora da ilumina\u00e7\u00e3o p\u00fablica impacta na seguran\u00e7a p\u00fablica das cidades, ajudando a reduzir a criminalidade\u201d, disse Guto Silva.<\/p>\n\n\n\n<p>Al\u00e9m destes programas, o Estado tamb\u00e9m tem investimentos em estradas rurais, com aportes de mais de R$ 1,5 bilh\u00e3o em 1,6 mil quil\u00f4metros de estradas vicinais que atendem centenas de distritos de pequenas cidades, e em unidades de sa\u00fade e hospitais regionais, com mais de R$ 2,2 bilh\u00f5es em obras na \u00e1rea.<\/p>\n\n\n\n<p>\u201cO Governo do Estado est\u00e1 injetando muito fortemente recursos em todas as \u00e1reas, como infraestrutura, agricultura, educa\u00e7\u00e3o, que s\u00e3o fruto deste di\u00e1logo e destas parcerias\u201d, afirmou a presidente da Uvepar, F\u00e1tima Castro.<\/p>\n\n\n\n<p><strong>MARCHA<\/strong>&nbsp;\u2013 A 4\u00aa Marcha dos Legislativos Municipais Paranaenses tem como objetivo fortalecer a atua\u00e7\u00e3o parlamentar municipal e fomentar o di\u00e1logo institucional com o Estado. O evento tamb\u00e9m traz orienta\u00e7\u00f5es e forma\u00e7\u00f5es jur\u00eddicas para os agentes p\u00fablicos. Neste ano, tamb\u00e9m comemora o anivers\u00e1rio de 36 anos de funda\u00e7\u00e3o da Uvepar.<\/p>\n\n\n\n<p>Os vereadores e representantes das c\u00e2maras municipais ficam reunidos em Curitiba at\u00e9 s\u00e1bado (27), discutindo o papel dos legislativos municipais. A entidade tamb\u00e9m tem um cronograma de eventos pelo Interior do Estado, com capacita\u00e7\u00f5es de vereadores e agentes p\u00fablicos.<\/p>\n\n\n\n<p><strong>ASSEMBLEIA ITINERANTE<\/strong>&nbsp;\u2013 Refor\u00e7ando a parceria do Estado com os outros poderes, o governador em exerc\u00edcio Darci Piana tamb\u00e9m participou da 2\u00aa sess\u00e3o especial da Assembleia Itinerante nos Bairros, que aconteceu no bairro Fazendinha, em Curitiba, nesta quarta-feira (25).<\/p>\n\n\n\n<p>Durante o evento, foram ofertados mais de 100 servi\u00e7os \u00e0 popula\u00e7\u00e3o em um \u00fanico local, ajudando os moradores a encontrar vagas de emprego, emitir documentos, terem acesso a atendimentos b\u00e1sicos de sa\u00fade, vacina\u00e7\u00e3o e outros servi\u00e7os.<\/p>\n\n\n\n<p><strong>PRESEN\u00c7AS<\/strong>&nbsp;\u2013 Estiveram presentes no evento da Uvepar os secret\u00e1rios estaduais do Planejamento, Ulisses Maia; da Mulher, Igualdade Racial e Pessoa Idosa, Leandre Dal Ponte; da Inova\u00e7\u00e3o e Intelig\u00eancia Artificial, Alex Canzani; o chefe da Casa Militar, coronel Marcos Tordoro; o deputado estadual Requi\u00e3o Filho; o presidente da Uni\u00e3o dos Vereadores do Brasil, Gilson Conzatti; o fundador da Uvepar, Jorge Bernardi; o diretor-superintendente do Sebrae-PR, Vitor Tioqueta; o presidente do CREA-PR, Clodomir Luiz Ascari; e demais autoridades.<\/p>\n\n\n\n<p>AEN\/PR<\/p>\n","protected":false},"excerpt":{"rendered":"<p>O governador em exerc\u00edcio Darci Piana destacou a parceria do Governo do Estado com os munic\u00edpios e as c\u00e2maras municipais na abertura da 4\u00aa Marcha dos Legislativos Municipais Paranaenses, que reuniu vereadores de todas as regi\u00f5es do Paran\u00e1 nesta quarta-feira (25) em Curitiba. O encontro foi organizado pela Uni\u00e3o de C\u00e2maras, Vereadores e Gestores P\u00fablicos [&hellip;]<\/p>\n","protected":false},"author":2,"featured_media":69325,"comment_status":"open","ping_status":"open","sticky":false,"template":"","format":"standard","meta":{"advanced_seo_description":"","jetpack_seo_html_title":"","jetpack_seo_noindex":false,"_jetpack_memberships_contains_paid_content":false,"footnotes":""},"categories":[40],"tags":[],"class_list":{"0":"post-69324","1":"post","2":"type-post","3":"status-publish","4":"format-standard","5":"has-post-thumbnail","7":"category-destaques"},"jetpack_featured_media_url":"https:\/\/www.paranapraia.com.br\/wp-content\/uploads\/2025\/06\/encontro_vereadores_foto_rdziura-9630-scaled.jpg","jetpack_sharing_enabled":true,"_links":{"self":[{"href":"https:\/\/www.paranapraia.com.br\/index.php\/wp-json\/wp\/v2\/posts\/69324"}],"collection":[{"href":"https:\/\/www.paranapraia.com.br\/index.php\/wp-json\/wp\/v2\/posts"}],"about":[{"href":"https:\/\/www.paranapraia.com.br\/index.php\/wp-json\/wp\/v2\/types\/post"}],"author":[{"embeddable":true,"href":"https:\/\/www.paranapraia.com.br\/index.php\/wp-json\/wp\/v2\/users\/2"}],"replies":[{"embeddable":true,"href":"https:\/\/www.paranapraia.com.br\/index.php\/wp-json\/wp\/v2\/comments?post=69324"}],"version-history":[{"count":1,"href":"https:\/\/www.paranapraia.com.br\/index.php\/wp-json\/wp\/v2\/posts\/69324\/revisions"}],"predecessor-version":[{"id":69326,"href":"https:\/\/www.paranapraia.com.br\/index.php\/wp-json\/wp\/v2\/posts\/69324\/revisions\/69326"}],"wp:featuredmedia":[{"embeddable":true,"href":"https:\/\/www.paranapraia.com.br\/index.php\/wp-json\/wp\/v2\/media\/69325"}],"wp:attachment":[{"href":"https:\/\/www.paranapraia.com.br\/index.php\/wp-json\/wp\/v2\/media?parent=69324"}],"wp:term":[{"taxonomy":"category","embeddable":true,"href":"https:\/\/www.paranapraia.com.br\/index.php\/wp-json\/wp\/v2\/categories?post=69324"},{"taxonomy":"post_tag","embeddable":true,"href":"https:\/\/www.paranapraia.com.br\/index.php\/wp-json\/wp\/v2\/tags?post=69324"}],"curies":[{"name":"wp","href":"https:\/\/api.w.org\/{rel}","templated":true}]}}