{"id":69321,"date":"2025-06-26T08:42:46","date_gmt":"2025-06-26T11:42:46","guid":{"rendered":"https:\/\/www.paranapraia.com.br\/?p=69321"},"modified":"2025-06-26T08:42:49","modified_gmt":"2025-06-26T11:42:49","slug":"portos-do-parana-recebe-oscar-dos-portos-nas-americas-em-duas-categorias","status":"publish","type":"post","link":"https:\/\/www.paranapraia.com.br\/index.php\/2025\/06\/26\/portos-do-parana-recebe-oscar-dos-portos-nas-americas-em-duas-categorias\/","title":{"rendered":"Portos do Paran\u00e1 recebe &#8220;Oscar dos Portos&#8221; nas Am\u00e9ricas em duas categorias"},"content":{"rendered":"\n<p>A Portos do Paran\u00e1 foi destaque nesta quarta-feira (25) no Congresso AAPA LATAM 2025, realizado no Peru, ao receber dois pr\u00eamios de Excel\u00eancia da Ind\u00fastria Portu\u00e1ria, reconhecimentos que s\u00e3o considerados o \u201cOscar dos Portos\u201d nas Am\u00e9ricas. A empresa p\u00fablica venceu nas categorias Desempenho e Crescimento Portu\u00e1rio e Desenvolvimento Sustent\u00e1vel. O an\u00fancio dos vencedores foi no m\u00eas passado e a premia\u00e7\u00e3o entregue no evento.<\/p>\n\n\n\n<p>O congresso da Associa\u00e7\u00e3o Americana de Autoridades Portu\u00e1rias (AAPA) \u00e9 o principal evento do setor na Am\u00e9rica Latina e re\u00fane cerca de 600 l\u00edderes do com\u00e9rcio internacional, autoridades governamentais e executivos de grandes portos e companhias de transporte mar\u00edtimo de todo o mundo. A edi\u00e7\u00e3o deste ano teve in\u00edcio na ter\u00e7a-feira (24) e segue at\u00e9 sexta (27).<\/p>\n\n\n\n<p><strong>TOPO<\/strong>&nbsp;\u2013 O primeiro pr\u00eamio concedido \u00e0 Portos do Paran\u00e1 foi na categoria Desempenho e Crescimento Portu\u00e1rio, na qual a empresa concorreu com 19 autoridades portu\u00e1rias de diversos pa\u00edses da Am\u00e9rica Latina. A paranaense foi a \u00fanica representante brasileira entre os finalistas. O reconhecimento se deu pelas estrat\u00e9gias log\u00edsticas adotadas para conectar os portos paranaenses aos mercados globais, pela expans\u00e3o cont\u00ednua da capacidade de movimenta\u00e7\u00e3o de cargas e pelo destaque da empresa no cen\u00e1rio nacional em produtividade.<\/p>\n\n\n\n<p>O j\u00fari tamb\u00e9m valorizou os investimentos estruturantes realizados nos \u00faltimos anos, como a&nbsp;<a href=\"https:\/\/www.parana.pr.gov.br\/aen\/Noticia\/Maior-investimento-portuario-do-Brasil-Moegao-alcanca-525-de-execucao\" target=\"_blank\" rel=\"noreferrer noopener\"><strong>constru\u00e7\u00e3o do Moeg\u00e3o<\/strong><\/a>, projeto que ampliar\u00e1 significativamente a efici\u00eancia no escoamento de gr\u00e3os por meio do modal ferrovi\u00e1rio.&nbsp;Entre os crit\u00e9rios avaliados estiveram, ainda, a moderniza\u00e7\u00e3o das \u00e1reas operacionais, a regulariza\u00e7\u00e3o fundi\u00e1ria e os novos contratos de arrendamento \u2014 fatores que garantem seguran\u00e7a jur\u00eddica e atraem investimentos ao setor portu\u00e1rio.<\/p>\n\n\n\n<p><strong>AVAN\u00c7OS<\/strong>&nbsp;\u2013 Durante painel apresentado no evento, o diretor-presidente da Portos do Paran\u00e1, Luiz Fernando Garcia da Silva, destacou os avan\u00e7os recentes da empresa, com \u00eanfase no recorde hist\u00f3rico de 67 milh\u00f5es de toneladas movimentadas em 2024. Ele tamb\u00e9m ressaltou a consolida\u00e7\u00e3o de oito concess\u00f5es no Porto de Paranagu\u00e1, com previs\u00e3o de US$ 1,2 bilh\u00e3o em investimentos privados nos pr\u00f3ximos anos.<\/p>\n\n\n\n<p>Al\u00e9m do Moeg\u00e3o, o diretor-presidente mencionou, ainda, a constru\u00e7\u00e3o de dois novos p\u00ederes, que ampliar\u00e3o a capacidade operacional para atender \u00e0 crescente demanda. \u201cEstamos construindo um novo porto, com infraestrutura moderna e eficiente, que n\u00e3o se limita \u00e0s necessidades de hoje. Estamos preparando uma estrutura capaz de movimentar mais de 150 milh\u00f5es de toneladas por ano\u201d, afirmou.<\/p>\n\n\n\n<p><strong>INICIATIVA ECOL\u00d3GICA<\/strong>&nbsp;\u2013 O segundo pr\u00eamio foi da categoria Desenvolvimento Sustent\u00e1vel. O reconhecimento se deu com o projeto Comunidades Sustent\u00e1veis, que implantou sistemas ecol\u00f3gicos de tratamento de esgoto em resid\u00eancias da Ilha de Eufrasina, na Ba\u00eda de Paranagu\u00e1. \u201cHoje \u00e9 um dia especial para a Portos do Paran\u00e1. Fomos reconhecidos pelo melhor projeto em sustentabilidade, o que nos enche de orgulho. Mais uma vez, temos a honra de representar nosso porto, nosso Estado e o nosso pa\u00eds\u201d, afirmou Luiz Fernando Garcia.<\/p>\n\n\n\n<p>A iniciativa substituiu sistemas rudimentares por solu\u00e7\u00f5es sustent\u00e1veis e de baixo custo. A Ilha de Eufrasina foi escolhida por suas condi\u00e7\u00f5es geogr\u00e1ficas \u2014 terreno rochoso e inclinado \u2014 que inviabilizam a instala\u00e7\u00e3o de redes convencionais de coleta e tratamento de esgoto.<\/p>\n\n\n\n<p>Desenvolvido em parceria com a Universidade Federal do Paran\u00e1 (UFPR), o projeto j\u00e1 beneficiou 60 resid\u00eancias da ilha, promovendo sa\u00fade p\u00fablica, inclus\u00e3o social e preserva\u00e7\u00e3o dos ecossistemas costeiros.<\/p>\n\n\n\n<p>\u201cSer contemplados com essa premia\u00e7\u00e3o nos traz enorme satisfa\u00e7\u00e3o, pois confirma que as a\u00e7\u00f5es da Portos do Paran\u00e1 em desenvolvimento sustent\u00e1vel s\u00e3o, de fato, um exemplo para o mundo. Sustentabilidade n\u00e3o \u00e9 apenas olhar para dentro ou para fora do porto, \u00e9 tamb\u00e9m olhar para os lados, para as comunidades do entorno. Este projeto \u00e9 um exemplo concreto disso\u201d, destacou o diretor de Meio Ambiente, Jo\u00e3o Paulo Santana.<\/p>\n\n\n\n<p>AEN\/PR<\/p>\n","protected":false},"excerpt":{"rendered":"<p>A Portos do Paran\u00e1 foi destaque nesta quarta-feira (25) no Congresso AAPA LATAM 2025, realizado no Peru, ao receber dois pr\u00eamios de Excel\u00eancia da Ind\u00fastria Portu\u00e1ria, reconhecimentos que s\u00e3o considerados o \u201cOscar dos Portos\u201d nas Am\u00e9ricas. A empresa p\u00fablica venceu nas categorias Desempenho e Crescimento Portu\u00e1rio e Desenvolvimento Sustent\u00e1vel. O an\u00fancio dos vencedores foi no [&hellip;]<\/p>\n","protected":false},"author":2,"featured_media":69322,"comment_status":"open","ping_status":"open","sticky":false,"template":"","format":"standard","meta":{"advanced_seo_description":"","jetpack_seo_html_title":"","jetpack_seo_noindex":false,"_jetpack_memberships_contains_paid_content":false,"footnotes":""},"categories":[74],"tags":[],"class_list":{"0":"post-69321","1":"post","2":"type-post","3":"status-publish","4":"format-standard","5":"has-post-thumbnail","7":"category-setor-portuario"},"jetpack_featured_media_url":"https:\/\/www.paranapraia.com.br\/wp-content\/uploads\/2025\/06\/premio02_0-scaled.jpg","jetpack_sharing_enabled":true,"_links":{"self":[{"href":"https:\/\/www.paranapraia.com.br\/index.php\/wp-json\/wp\/v2\/posts\/69321"}],"collection":[{"href":"https:\/\/www.paranapraia.com.br\/index.php\/wp-json\/wp\/v2\/posts"}],"about":[{"href":"https:\/\/www.paranapraia.com.br\/index.php\/wp-json\/wp\/v2\/types\/post"}],"author":[{"embeddable":true,"href":"https:\/\/www.paranapraia.com.br\/index.php\/wp-json\/wp\/v2\/users\/2"}],"replies":[{"embeddable":true,"href":"https:\/\/www.paranapraia.com.br\/index.php\/wp-json\/wp\/v2\/comments?post=69321"}],"version-history":[{"count":1,"href":"https:\/\/www.paranapraia.com.br\/index.php\/wp-json\/wp\/v2\/posts\/69321\/revisions"}],"predecessor-version":[{"id":69323,"href":"https:\/\/www.paranapraia.com.br\/index.php\/wp-json\/wp\/v2\/posts\/69321\/revisions\/69323"}],"wp:featuredmedia":[{"embeddable":true,"href":"https:\/\/www.paranapraia.com.br\/index.php\/wp-json\/wp\/v2\/media\/69322"}],"wp:attachment":[{"href":"https:\/\/www.paranapraia.com.br\/index.php\/wp-json\/wp\/v2\/media?parent=69321"}],"wp:term":[{"taxonomy":"category","embeddable":true,"href":"https:\/\/www.paranapraia.com.br\/index.php\/wp-json\/wp\/v2\/categories?post=69321"},{"taxonomy":"post_tag","embeddable":true,"href":"https:\/\/www.paranapraia.com.br\/index.php\/wp-json\/wp\/v2\/tags?post=69321"}],"curies":[{"name":"wp","href":"https:\/\/api.w.org\/{rel}","templated":true}]}}