{"id":69318,"date":"2025-06-25T18:23:23","date_gmt":"2025-06-25T21:23:23","guid":{"rendered":"https:\/\/www.paranapraia.com.br\/?p=69318"},"modified":"2025-06-25T18:23:26","modified_gmt":"2025-06-25T21:23:26","slug":"caravana-pactos-pela-cultura-chega-ao-litoral-para-auxiliar-municipios-na-execucao-da-politica-nacional-aldir-blanc","status":"publish","type":"post","link":"https:\/\/www.paranapraia.com.br\/index.php\/2025\/06\/25\/caravana-pactos-pela-cultura-chega-ao-litoral-para-auxiliar-municipios-na-execucao-da-politica-nacional-aldir-blanc\/","title":{"rendered":"Caravana \u201cPactos pela Cultura\u201d chega ao Litoral para auxiliar munic\u00edpios na execu\u00e7\u00e3o da Pol\u00edtica Nacional Aldir Blanc"},"content":{"rendered":"\n<p><em>Encontro acontece s\u00e1bado, 28 de junho, na Esta\u00e7\u00e3o Ferrovi\u00e1ria de Paranagu\u00e1, mas \u00e9 voltado a todos os sete munic\u00edpios da regi\u00e3o; inscri\u00e7\u00f5es v\u00e3o at\u00e9 sexta-feira, 27, ao meio-dia<\/em><\/p>\n\n\n\n<p>Depois de passar por Laranjeiras do Sul, no centro-sul do estado, a caravana \u201cPactos pela Cultura\u201d chega agora ao Litoral. A iniciativa do Comit\u00ea de Cultura do Paran\u00e1 tem o prop\u00f3sito de promover a integra\u00e7\u00e3o regional e aproximar os gestores p\u00fablicos da sociedade civil no planejamento e execu\u00e7\u00e3o da Pol\u00edtica Nacional Aldir Blanc, programa que est\u00e1 investido mais de R$ 15 bilh\u00f5es para financiar a arte e a cultura do Brasil, o maior valor da hist\u00f3ria.<\/p>\n\n\n\n<p>No Litoral, o encontro acontece s\u00e1bado, 28 de junho, das 9h \u00e0s 20h, na Esta\u00e7\u00e3o Ferrovi\u00e1ria de Paranagu\u00e1, mas conta com a participa\u00e7\u00e3o da administra\u00e7\u00e3o p\u00fablica e da popula\u00e7\u00e3o de todos os sete munic\u00edpios da regi\u00e3o. As inscri\u00e7\u00f5es, totalmente gratuitas, v\u00e3o at\u00e9 sexta, 27, ao meio-dia: https:\/\/pr.comitedecultura.org.br\/pactospelacultura\/<\/p>\n\n\n\n<p>\u201cA caravana \u00e9 pensada para promover o di\u00e1logo, a colabora\u00e7\u00e3o e a troca entre munic\u00edpios com realidade semelhantes, dando protagonismo aos agentes locais, para que o dinheiro da Pol\u00edtica Aldir Blanc possa ser usado de maneira estrat\u00e9gica, de acordo com as necessidades e a voca\u00e7\u00e3o de cada lugar\u201d, explica Bruno Vanhoni, coordenador da caravana.<\/p>\n\n\n\n<p>O Paran\u00e1, incluindo o governo do estado e seus 399 munic\u00edpios, receber\u00e3o ao todo quase R$ 600 milh\u00f5es at\u00e9 2027. \u201cA maioria das nossas prefeituras nunca teve acesso a tantos recursos para investir no setor cultural\u201d, completa Vanhoni.<\/p>\n\n\n\n<p>No ano passado, por exemplo, os munic\u00edpios do Litoral receberam a primeira parcela da Pol\u00edtica Aldir Blanc. Ao todo, foram mais de R$ 2,3 milh\u00f5es, mas as prefeituras conseguiram executar menos de 50% disso at\u00e9 maio deste ano. \u201cIsso aconteceu tamb\u00e9m porque tivemos a troca das gest\u00f5es municipais este ano, muitas equipes est\u00e3o tomando p\u00e9 do que est\u00e1 acontecendo, e podemos ajudar com isso\u201d, garante Vanhoni.<\/p>\n\n\n\n<p>O encontro do dia 28 de junho tem uma programa\u00e7\u00e3o extensa, que inclui um painel sobre o Sistema Nacional de Cultura, o Programa Nacional dos Comit\u00eas de Cultura e a Pol\u00edtica Nacional Aldir Blanc e uma oficina de escrita de projetos culturais, al\u00e9m de grupos de trabalho e discuss\u00e3o. O encerramento ser\u00e1 feito por artistas locais.<\/p>\n\n\n\n<p><em>Associa\u00e7\u00e3o dos Jornalistas e Cr\u00edticos Culturais do Paran\u00e1<\/em><\/p>\n\n\n\n<p>Na mesa de abertura acontece ainda uma breve apresenta\u00e7\u00e3o do plano para constituir a Associa\u00e7\u00e3o dos Jornalistas e Cr\u00edticos Culturais do Paran\u00e1, ideia apoiada pelo Comit\u00ea de Cultura e que pretende ser um canal para reunir e projetar as reivindica\u00e7\u00f5es da categoria. Durante o dia, uma tenda dedicada a receber a imprensa tamb\u00e9m far\u00e1 esclarecimentos a respeito.<\/p>\n\n\n\n<p><em>Comit\u00ea de Cultura do Paran\u00e1<\/em><\/p>\n\n\n\n<p>Instalados em todos os estados do Brasil em 2024, pelo Governo Federal, os Comit\u00eas de Cultura t\u00eam o papel de facilitar o acesso de artistas e produtores a recursos financeiros e demais pol\u00edticas p\u00fablicas, respeitando a nossa diversidade cultural.<\/p>\n\n\n\n<p>No Paran\u00e1, o Comit\u00ea \u00e9 liderado pelo Coletivo Soylocoporti, uma organiza\u00e7\u00e3o com 20 anos de experi\u00eancia. A rede tamb\u00e9m \u00e9 formada pelo Centro de Desenvolvimento Sustent\u00e1vel e Capacita\u00e7\u00e3o em Agroecologia (Ceagro), de Rio Bonito do Igua\u00e7u, e pelo Instituto Cidadania, de Londrina.<\/p>\n\n\n\n<p><em>Legenda da foto:<\/em> A primeira edi\u00e7\u00e3o da caravana \u201cPactos pela Cultura\u201d aconteceu em Laranjeiras do Sul, no centro-sul do estado.<\/p>\n","protected":false},"excerpt":{"rendered":"<p>Encontro acontece s\u00e1bado, 28 de junho, na Esta\u00e7\u00e3o Ferrovi\u00e1ria de Paranagu\u00e1, mas \u00e9 voltado a todos os sete munic\u00edpios da regi\u00e3o; inscri\u00e7\u00f5es v\u00e3o at\u00e9 sexta-feira, 27, ao meio-dia Depois de passar por Laranjeiras do Sul, no centro-sul do estado, a caravana \u201cPactos pela Cultura\u201d chega agora ao Litoral. A iniciativa do Comit\u00ea de Cultura do [&hellip;]<\/p>\n","protected":false},"author":2,"featured_media":69319,"comment_status":"open","ping_status":"open","sticky":false,"template":"","format":"standard","meta":{"advanced_seo_description":"","jetpack_seo_html_title":"","jetpack_seo_noindex":false,"_jetpack_memberships_contains_paid_content":false,"footnotes":""},"categories":[40,91],"tags":[316,1287],"class_list":{"0":"post-69318","1":"post","2":"type-post","3":"status-publish","4":"format-standard","5":"has-post-thumbnail","7":"category-destaques","8":"category-litoral","9":"tag-litoral","10":"tag-pactos-pela-cultura"},"jetpack_featured_media_url":"https:\/\/www.paranapraia.com.br\/wp-content\/uploads\/2025\/06\/IMG-20250625-WA0247-scaled.jpg","jetpack_sharing_enabled":true,"_links":{"self":[{"href":"https:\/\/www.paranapraia.com.br\/index.php\/wp-json\/wp\/v2\/posts\/69318"}],"collection":[{"href":"https:\/\/www.paranapraia.com.br\/index.php\/wp-json\/wp\/v2\/posts"}],"about":[{"href":"https:\/\/www.paranapraia.com.br\/index.php\/wp-json\/wp\/v2\/types\/post"}],"author":[{"embeddable":true,"href":"https:\/\/www.paranapraia.com.br\/index.php\/wp-json\/wp\/v2\/users\/2"}],"replies":[{"embeddable":true,"href":"https:\/\/www.paranapraia.com.br\/index.php\/wp-json\/wp\/v2\/comments?post=69318"}],"version-history":[{"count":1,"href":"https:\/\/www.paranapraia.com.br\/index.php\/wp-json\/wp\/v2\/posts\/69318\/revisions"}],"predecessor-version":[{"id":69320,"href":"https:\/\/www.paranapraia.com.br\/index.php\/wp-json\/wp\/v2\/posts\/69318\/revisions\/69320"}],"wp:featuredmedia":[{"embeddable":true,"href":"https:\/\/www.paranapraia.com.br\/index.php\/wp-json\/wp\/v2\/media\/69319"}],"wp:attachment":[{"href":"https:\/\/www.paranapraia.com.br\/index.php\/wp-json\/wp\/v2\/media?parent=69318"}],"wp:term":[{"taxonomy":"category","embeddable":true,"href":"https:\/\/www.paranapraia.com.br\/index.php\/wp-json\/wp\/v2\/categories?post=69318"},{"taxonomy":"post_tag","embeddable":true,"href":"https:\/\/www.paranapraia.com.br\/index.php\/wp-json\/wp\/v2\/tags?post=69318"}],"curies":[{"name":"wp","href":"https:\/\/api.w.org\/{rel}","templated":true}]}}