{"id":69308,"date":"2025-06-25T18:04:31","date_gmt":"2025-06-25T21:04:31","guid":{"rendered":"https:\/\/www.paranapraia.com.br\/?p=69308"},"modified":"2025-06-25T18:04:34","modified_gmt":"2025-06-25T21:04:34","slug":"antonina-inicia-atividades-no-novo-centro-de-educacao-ambiental","status":"publish","type":"post","link":"https:\/\/www.paranapraia.com.br\/index.php\/2025\/06\/25\/antonina-inicia-atividades-no-novo-centro-de-educacao-ambiental\/","title":{"rendered":"Antonina inicia atividades no novo Centro de Educa\u00e7\u00e3o Ambiental\u00a0"},"content":{"rendered":"\n<p>A Escola Cleuza Mari de Lima Tagliatela foi a primeira a visitar o rec\u00e9m-inaugurado Centro de Educa\u00e7\u00e3o Ambiental Permanente, um espa\u00e7o criado para aproximar crian\u00e7as, jovens e a comunidade da natureza e da hist\u00f3ria da nossa regi\u00e3o.<\/p>\n\n\n\n<p>A visita aconteceu nesta quarta-feira (25), no Cinema Vale do Gigante, no bairro Rio do Nunes, e foi conduzida pelo educador Diego Silva, idealizador do projeto. As crian\u00e7as participaram de atividades educativas, din\u00e2micas e conheceram mais sobre a biodiversidade da Mata Atl\u00e2ntica. O Secret\u00e1rio de Turismo, Cultura e Patrim\u00f4nio, Thiago Afonso, e o Secret\u00e1rio, Rafael Camargo, tamb\u00e9m estiveram presentes, acompanhando essa manh\u00e3 especial de aprendizado e divers\u00e3o.<\/p>\n\n\n\n<p>Aberto \u00e0 comunidade neste s\u00e1bado!<\/p>\n\n\n\n<p>O espa\u00e7o estar\u00e1 aberto ao p\u00fablico neste s\u00e1bado, das 9h \u00e0s 12h, com exposi\u00e7\u00e3o de animais taxidermizados da fauna local e exibi\u00e7\u00e3o de document\u00e1rios sobre a Mata Atl\u00e2ntica.<br>&nbsp;<br>Local: Cinema Vale do Gigante \u2013 atr\u00e1s do posto de sa\u00fade do Rio do Nunes<br>Data: S\u00e1bado<br>Hor\u00e1rio: Das 9h \u00e0s 12h<\/p>\n\n\n\n<p>Prefeitura de Antonina<\/p>\n","protected":false},"excerpt":{"rendered":"<p>A Escola Cleuza Mari de Lima Tagliatela foi a primeira a visitar o rec\u00e9m-inaugurado Centro de Educa\u00e7\u00e3o Ambiental Permanente, um espa\u00e7o criado para aproximar crian\u00e7as, jovens e a comunidade da natureza e da hist\u00f3ria da nossa regi\u00e3o. A visita aconteceu nesta quarta-feira (25), no Cinema Vale do Gigante, no bairro Rio do Nunes, e foi [&hellip;]<\/p>\n","protected":false},"author":2,"featured_media":69309,"comment_status":"open","ping_status":"open","sticky":false,"template":"","format":"standard","meta":{"advanced_seo_description":"","jetpack_seo_html_title":"","jetpack_seo_noindex":false,"_jetpack_memberships_contains_paid_content":false,"footnotes":""},"categories":[132],"tags":[],"class_list":{"0":"post-69308","1":"post","2":"type-post","3":"status-publish","4":"format-standard","5":"has-post-thumbnail","7":"category-antonina"},"jetpack_featured_media_url":"https:\/\/www.paranapraia.com.br\/wp-content\/uploads\/2025\/06\/whatsapp-image-2025-06-25-at-155900-scaled.jpeg","jetpack_sharing_enabled":true,"_links":{"self":[{"href":"https:\/\/www.paranapraia.com.br\/index.php\/wp-json\/wp\/v2\/posts\/69308"}],"collection":[{"href":"https:\/\/www.paranapraia.com.br\/index.php\/wp-json\/wp\/v2\/posts"}],"about":[{"href":"https:\/\/www.paranapraia.com.br\/index.php\/wp-json\/wp\/v2\/types\/post"}],"author":[{"embeddable":true,"href":"https:\/\/www.paranapraia.com.br\/index.php\/wp-json\/wp\/v2\/users\/2"}],"replies":[{"embeddable":true,"href":"https:\/\/www.paranapraia.com.br\/index.php\/wp-json\/wp\/v2\/comments?post=69308"}],"version-history":[{"count":1,"href":"https:\/\/www.paranapraia.com.br\/index.php\/wp-json\/wp\/v2\/posts\/69308\/revisions"}],"predecessor-version":[{"id":69310,"href":"https:\/\/www.paranapraia.com.br\/index.php\/wp-json\/wp\/v2\/posts\/69308\/revisions\/69310"}],"wp:featuredmedia":[{"embeddable":true,"href":"https:\/\/www.paranapraia.com.br\/index.php\/wp-json\/wp\/v2\/media\/69309"}],"wp:attachment":[{"href":"https:\/\/www.paranapraia.com.br\/index.php\/wp-json\/wp\/v2\/media?parent=69308"}],"wp:term":[{"taxonomy":"category","embeddable":true,"href":"https:\/\/www.paranapraia.com.br\/index.php\/wp-json\/wp\/v2\/categories?post=69308"},{"taxonomy":"post_tag","embeddable":true,"href":"https:\/\/www.paranapraia.com.br\/index.php\/wp-json\/wp\/v2\/tags?post=69308"}],"curies":[{"name":"wp","href":"https:\/\/api.w.org\/{rel}","templated":true}]}}