{"id":69305,"date":"2025-06-25T17:58:42","date_gmt":"2025-06-25T20:58:42","guid":{"rendered":"https:\/\/www.paranapraia.com.br\/?p=69305"},"modified":"2025-06-25T17:58:45","modified_gmt":"2025-06-25T20:58:45","slug":"com-apoio-do-estado-matinhos-recebe-2a-etapa-do-circuito-paranaense-de-surf-amador","status":"publish","type":"post","link":"https:\/\/www.paranapraia.com.br\/index.php\/2025\/06\/25\/com-apoio-do-estado-matinhos-recebe-2a-etapa-do-circuito-paranaense-de-surf-amador\/","title":{"rendered":"Com apoio do Estado, Matinhos recebe 2\u00aa etapa do Circuito Paranaense de Surf Amador"},"content":{"rendered":"\n<p>O Governo do Paran\u00e1 \u00e9 um dos apoiadores da 2\u00aa etapa do Circuito Paranaense de Surf Amador 2025, que acontece neste final de semana (28 e 29) no tradicional Pico de Matinhos. A competi\u00e7\u00e3o integra a programa\u00e7\u00e3o oficial do anivers\u00e1rio de 58 anos do munic\u00edpio e refor\u00e7a o compromisso do Estado com o fomento ao esporte e ao turismo regional.<\/p>\n\n\n\n<p>Organizado pela Federa\u00e7\u00e3o Paranaense de Surf, o evento re\u00fane atletas de diversas idades e categorias. Est\u00e3o confirmadas as disputas nas classes 50+, 40+, Master 35, Open Masculino e Feminino, Universit\u00e1rio, Curitiba, Sub18, Sub16, Sub14 e Sub12, com premia\u00e7\u00e3o em trof\u00e9us e kits para os quatro primeiros colocados de cada uma.<\/p>\n\n\n\n<p>Para o secret\u00e1rio estadual do Esporte, Helio Wirbiski, o surf no litoral paranaense \u00e9 um atrativo n\u00e3o apenas esportivo, mas tamb\u00e9m tur\u00edstico. \u201cA realiza\u00e7\u00e3o de campeonatos nessa \u00e9poca do ano \u00e9 estrat\u00e9gica para impulsionar a economia local. Mesmo fora da alta temporada, o surf atrai visitantes, movimenta o com\u00e9rcio e refor\u00e7a o potencial tur\u00edstico do nosso Litoral\u201d, afirma.<\/p>\n\n\n\n<p>A competi\u00e7\u00e3o ser\u00e1 transmitida ao vivo pelo canal da Federa\u00e7\u00e3o Paranaense de Surf no&nbsp;<a href=\"https:\/\/www.youtube.com\/@federacaoparanaensedesurf248\" target=\"_blank\" rel=\"noreferrer noopener\">YouTube<\/a><\/p>\n\n\n\n<p>AEN\/PR<\/p>\n","protected":false},"excerpt":{"rendered":"<p>O Governo do Paran\u00e1 \u00e9 um dos apoiadores da 2\u00aa etapa do Circuito Paranaense de Surf Amador 2025, que acontece neste final de semana (28 e 29) no tradicional Pico de Matinhos. A competi\u00e7\u00e3o integra a programa\u00e7\u00e3o oficial do anivers\u00e1rio de 58 anos do munic\u00edpio e refor\u00e7a o compromisso do Estado com o fomento ao [&hellip;]<\/p>\n","protected":false},"author":2,"featured_media":69306,"comment_status":"open","ping_status":"open","sticky":false,"template":"","format":"standard","meta":{"advanced_seo_description":"","jetpack_seo_html_title":"","jetpack_seo_noindex":false,"_jetpack_memberships_contains_paid_content":false,"footnotes":""},"categories":[40,88],"tags":[],"class_list":{"0":"post-69305","1":"post","2":"type-post","3":"status-publish","4":"format-standard","5":"has-post-thumbnail","7":"category-destaques","8":"category-matinhos"},"jetpack_featured_media_url":"https:\/\/www.paranapraia.com.br\/wp-content\/uploads\/2025\/06\/img_3703-scaled.jpg","jetpack_sharing_enabled":true,"_links":{"self":[{"href":"https:\/\/www.paranapraia.com.br\/index.php\/wp-json\/wp\/v2\/posts\/69305"}],"collection":[{"href":"https:\/\/www.paranapraia.com.br\/index.php\/wp-json\/wp\/v2\/posts"}],"about":[{"href":"https:\/\/www.paranapraia.com.br\/index.php\/wp-json\/wp\/v2\/types\/post"}],"author":[{"embeddable":true,"href":"https:\/\/www.paranapraia.com.br\/index.php\/wp-json\/wp\/v2\/users\/2"}],"replies":[{"embeddable":true,"href":"https:\/\/www.paranapraia.com.br\/index.php\/wp-json\/wp\/v2\/comments?post=69305"}],"version-history":[{"count":1,"href":"https:\/\/www.paranapraia.com.br\/index.php\/wp-json\/wp\/v2\/posts\/69305\/revisions"}],"predecessor-version":[{"id":69307,"href":"https:\/\/www.paranapraia.com.br\/index.php\/wp-json\/wp\/v2\/posts\/69305\/revisions\/69307"}],"wp:featuredmedia":[{"embeddable":true,"href":"https:\/\/www.paranapraia.com.br\/index.php\/wp-json\/wp\/v2\/media\/69306"}],"wp:attachment":[{"href":"https:\/\/www.paranapraia.com.br\/index.php\/wp-json\/wp\/v2\/media?parent=69305"}],"wp:term":[{"taxonomy":"category","embeddable":true,"href":"https:\/\/www.paranapraia.com.br\/index.php\/wp-json\/wp\/v2\/categories?post=69305"},{"taxonomy":"post_tag","embeddable":true,"href":"https:\/\/www.paranapraia.com.br\/index.php\/wp-json\/wp\/v2\/tags?post=69305"}],"curies":[{"name":"wp","href":"https:\/\/api.w.org\/{rel}","templated":true}]}}