{"id":69302,"date":"2025-06-25T17:56:11","date_gmt":"2025-06-25T20:56:11","guid":{"rendered":"https:\/\/www.paranapraia.com.br\/?p=69302"},"modified":"2025-06-25T17:56:13","modified_gmt":"2025-06-25T20:56:13","slug":"com-novo-visual-ponte-dos-valadares-passa-a-ser-tambem-um-atrativo-turistico-do-litoral","status":"publish","type":"post","link":"https:\/\/www.paranapraia.com.br\/index.php\/2025\/06\/25\/com-novo-visual-ponte-dos-valadares-passa-a-ser-tambem-um-atrativo-turistico-do-litoral\/","title":{"rendered":"Com novo visual, Ponte dos Valadares passa a ser, tamb\u00e9m, um atrativo tur\u00edstico do Litoral"},"content":{"rendered":"\n<p>Paranagu\u00e1, no Litoral do Estado, conta com um novo atrativo que vem chamando aten\u00e7\u00e3o do p\u00fablico. Trata-se da pintura da ponte que liga a Ilha de Valadares com o centro hist\u00f3rico do munic\u00edpio. O visual atualizado enaltece ra\u00edzes culturais do Paran\u00e1. A ponte \u00e9 hist\u00f3rica e utilizada no dia-a-dia da popula\u00e7\u00e3o parnanguara.<\/p>\n\n\n\n<p>Inaugurada no dia 1\u00ba de maio deste ano, a arte \u2013 que tinha como objetivo tornar a via a \u201cPonte Mais Colorida do Mundo\u201d \u2013 foi conduzida pelo Projeto Andada, por meio de tra\u00e7ados de artistas e mutir\u00f5es coletivos de pintura.&nbsp;A execu\u00e7\u00e3o do projeto tamb\u00e9m contou com recursos do Programa Estadual de Fomento e Incentivo \u00e0 Cultura (Profice), da Secretaria de Estado da Cultura.<\/p>\n\n\n\n<p>O trabalho era in\u00e9dito no Brasil por conta do tamanho do trecho, uma vez que a sua extens\u00e3o \u00e9 de 294 metros e outros 1500 metros quadrados de produ\u00e7\u00e3o art\u00edstica. Al\u00e9m do fluxo di\u00e1rio na liga\u00e7\u00e3o entre o continente e a Ilha de Valadares \u2013 que conta com aproximadamente 40 mil moradores \u2013, a popula\u00e7\u00e3o passou a se acostumar com a visita de turistas de diversas partes do Paran\u00e1 e at\u00e9 do Brasil na ponte, atra\u00eddos pelo novo visual.<\/p>\n\n\n\n<p>Irapuan Cortes, diretor-presidente do Viaje Paran\u00e1 \u2013 \u00f3rg\u00e3o de promo\u00e7\u00e3o do turismo no Estado \u2013, afirma que o setor se fortalece com a iniciativa, fomentando segmentos como o Turismo Cultural e de Base Comunit\u00e1ria, que valoriza as tradi\u00e7\u00f5es, simbologias, saberes e a participa\u00e7\u00e3o da popula\u00e7\u00e3o local na atividade.<\/p>\n\n\n\n<p>\u201cO turismo se beneficia de a\u00e7\u00f5es como essa, apoiadas e concretizadas junto \u00e0 comunidade local, concebendo novos pontos que podem ser apreciados por turistas \u2013 nacionais e internacionais \u2013 quando visitarem o Paran\u00e1. Em contrapartida, o setor devolve ao munic\u00edpio bons frutos, como o aumento das atividades do turismo, maior movimento nos estabelecimentos e na economia, al\u00e9m do senso de orgulho e pertencimento na popula\u00e7\u00e3o\u201d, explicou.<\/p>\n\n\n\n<p>\u201cProjetos como esse demonstram como a arte transforma espa\u00e7os urbanos e promove envolvimento comunit\u00e1rio. \u00c9 justamente para tornar essas iniciativas poss\u00edveis que o Profice foi criado: para fomentar a criatividade, apoiar artistas paranaenses e fortalecer a presen\u00e7a da cultura em todas as regi\u00f5es do Estado\u201d, afirma a secret\u00e1ria de Estado da Cultura, Luciana Casagrande Pereira.<\/p>\n\n\n\n<p>O Profice \u00e9 o Programa Estadual de Fomento e Incentivo \u00e0 Cultura do Paran\u00e1, realizado pela Secretaria da Cultura. Por meio da ren\u00fancia fiscal de ICMS, possibilita a valoriza\u00e7\u00e3o, a produ\u00e7\u00e3o, a difus\u00e3o, a circula\u00e7\u00e3o, a pesquisa e a preserva\u00e7\u00e3o dos bens culturais, al\u00e9m de a\u00e7\u00f5es de car\u00e1ter educativo para a arte e a cultura no Estado.<\/p>\n\n\n\n<p><strong>IMPACTO NO SETOR<\/strong>&nbsp;\u2013&nbsp;Patr\u00edcia Assis, gestora executiva da Ag\u00eancia de Desenvolvimento Cultural e do Turismo Sustent\u00e1vel do Paran\u00e1 (Adetur Litoral), inst\u00e2ncia respons\u00e1vel por fomentar o turismo nos munic\u00edpios da regi\u00e3o, afirma que al\u00e9m da revitaliza\u00e7\u00e3o de \u00e1reas urbanas, a a\u00e7\u00e3o tamb\u00e9m promoveu uma maior integra\u00e7\u00e3o social, uma vez que a comunidade envolvida percebe a import\u00e2ncia daquele atrativo e sabe da sua colabora\u00e7\u00e3o no patrim\u00f4nio.<\/p>\n\n\n\n<p>\u201cFoi um impacto no setor de toda a regi\u00e3o, porque influencia o desenvolvimento das atividades tur\u00edsticas naquele local que, se j\u00e1 acontecia antes, agora \u00e9 intensificado, e se n\u00e3o era t\u00e3o visitado, agora passa a ter um novo fluxo. O que era um passo, Paranagu\u00e1 transformou em um salto na revitaliza\u00e7\u00e3o e transforma\u00e7\u00e3o de espa\u00e7os ao turista\u201d, diz.<\/p>\n\n\n\n<p>Ela tamb\u00e9m afirma que o novo fluxo ajuda a movimentar os servi\u00e7os tur\u00edsticos da regi\u00e3o, uma vez que os visitantes da ponte acabam entrando em contato com os restaurantes, passeios, centro hist\u00f3rico, lojas de artesanato, com a cultura do fandango \u2013 ritmo musical tradicional da cultura cai\u00e7ara, que s\u00e3o comunidades tradicionais do Litoral do Estado \u2013 e com o Aqu\u00e1rio de Paranagu\u00e1, que tamb\u00e9m recebeu uma nova pintura da Prefeitura neste m\u00eas.<\/p>\n\n\n\n<p><strong>TURISMO INTERNO E IDENTIDADE&nbsp;<\/strong>\u2013&nbsp;Na composi\u00e7\u00e3o art\u00edstica, foram mescladas cores, elementos referentes \u00e0 natureza local e s\u00edmbolos tipicamente paranaenses e cai\u00e7aras. Entre as inspira\u00e7\u00f5es transmitidas na arte final est\u00e3o caranguejos e manguezais, meios de subsist\u00eancia e heran\u00e7a cultural dos parnanguaras.<\/p>\n\n\n\n<p>O artista Gio Negromonte, nascido em Recife (PE) e radicado em Paranagu\u00e1, \u00e9 um dos idealizadores do projeto e reafirma que o movimento de pessoas de fora para conhecer a ponte teve aumento significativo. Al\u00e9m disso, em sua vis\u00e3o, o destaque tamb\u00e9m \u00e9 o turismo interno, com os pr\u00f3prios moradores voltando a frequentar a ponte como um atrativo.<\/p>\n\n\n\n<p>\u201cAo pegarmos elementos como o caranguejo, que d\u00e1 nome ao est\u00e1dio de futebol, tem uma escultura pr\u00f3pria no centro e \u00e9 usado muito na gastronomia, conseguimos transmitir aos visitantes a nossa identidade. Ajudou no aumento do n\u00famero de turistas, na ponte e na pr\u00f3pria Ilha dos Valadares, onde est\u00e3o o ber\u00e7o do fandango e da nossa cultura cai\u00e7ara. A autoestima dos parnanguaras aumenta com esse atrativo renovado\u201d, explicou.<\/p>\n\n\n\n<p><strong>OBRA DO ESTADO<\/strong>&nbsp;\u2013&nbsp;O governador Carlos Massa Ratinho Junior inaugurou no dia 20 de setembro de 2024 a ponte que liga a Ilha dos Valadares ao continente. Batizada de Ponte Domingos Massa, a obra atendeu o maior bairro da cidade que, antes da constru\u00e7\u00e3o, s\u00f3 conseguiam ter acesso ao centro de Paranagu\u00e1 por meio de uma passarela ou de uma balsa para o transporte de ve\u00edculos.<\/p>\n\n\n\n<p>O investimento foi de R$ 13,4 milh\u00f5es, entre repasse e contrapartida do munic\u00edpio. O recurso contemplou a revitaliza\u00e7\u00e3o da passarela existente, que atendia apenas pedestres e ciclistas, al\u00e9m dos servi\u00e7os de administra\u00e7\u00e3o da obra e de implanta\u00e7\u00e3o de estruturas, instala\u00e7\u00f5es el\u00e9tricas, pavimenta\u00e7\u00e3o, cal\u00e7amento, sinaliza\u00e7\u00e3o e paisagismo.<\/p>\n\n\n\n<p>AEN\/PR<\/p>\n","protected":false},"excerpt":{"rendered":"<p>Paranagu\u00e1, no Litoral do Estado, conta com um novo atrativo que vem chamando aten\u00e7\u00e3o do p\u00fablico. Trata-se da pintura da ponte que liga a Ilha de Valadares com o centro hist\u00f3rico do munic\u00edpio. O visual atualizado enaltece ra\u00edzes culturais do Paran\u00e1. A ponte \u00e9 hist\u00f3rica e utilizada no dia-a-dia da popula\u00e7\u00e3o parnanguara. Inaugurada no dia [&hellip;]<\/p>\n","protected":false},"author":2,"featured_media":69303,"comment_status":"open","ping_status":"open","sticky":false,"template":"","format":"standard","meta":{"advanced_seo_description":"","jetpack_seo_html_title":"","jetpack_seo_noindex":false,"_jetpack_memberships_contains_paid_content":false,"footnotes":""},"categories":[40,77],"tags":[],"class_list":{"0":"post-69302","1":"post","2":"type-post","3":"status-publish","4":"format-standard","5":"has-post-thumbnail","7":"category-destaques","8":"category-paranagua"},"jetpack_featured_media_url":"https:\/\/www.paranapraia.com.br\/wp-content\/uploads\/2025\/06\/nova_pintura_da_ponte_dos_valadares_creditos_w7_films_3-scaled.jpg","jetpack_sharing_enabled":true,"_links":{"self":[{"href":"https:\/\/www.paranapraia.com.br\/index.php\/wp-json\/wp\/v2\/posts\/69302"}],"collection":[{"href":"https:\/\/www.paranapraia.com.br\/index.php\/wp-json\/wp\/v2\/posts"}],"about":[{"href":"https:\/\/www.paranapraia.com.br\/index.php\/wp-json\/wp\/v2\/types\/post"}],"author":[{"embeddable":true,"href":"https:\/\/www.paranapraia.com.br\/index.php\/wp-json\/wp\/v2\/users\/2"}],"replies":[{"embeddable":true,"href":"https:\/\/www.paranapraia.com.br\/index.php\/wp-json\/wp\/v2\/comments?post=69302"}],"version-history":[{"count":1,"href":"https:\/\/www.paranapraia.com.br\/index.php\/wp-json\/wp\/v2\/posts\/69302\/revisions"}],"predecessor-version":[{"id":69304,"href":"https:\/\/www.paranapraia.com.br\/index.php\/wp-json\/wp\/v2\/posts\/69302\/revisions\/69304"}],"wp:featuredmedia":[{"embeddable":true,"href":"https:\/\/www.paranapraia.com.br\/index.php\/wp-json\/wp\/v2\/media\/69303"}],"wp:attachment":[{"href":"https:\/\/www.paranapraia.com.br\/index.php\/wp-json\/wp\/v2\/media?parent=69302"}],"wp:term":[{"taxonomy":"category","embeddable":true,"href":"https:\/\/www.paranapraia.com.br\/index.php\/wp-json\/wp\/v2\/categories?post=69302"},{"taxonomy":"post_tag","embeddable":true,"href":"https:\/\/www.paranapraia.com.br\/index.php\/wp-json\/wp\/v2\/tags?post=69302"}],"curies":[{"name":"wp","href":"https:\/\/api.w.org\/{rel}","templated":true}]}}