{"id":69202,"date":"2025-06-24T18:18:46","date_gmt":"2025-06-24T21:18:46","guid":{"rendered":"https:\/\/www.paranapraia.com.br\/?p=69202"},"modified":"2025-06-24T18:18:49","modified_gmt":"2025-06-24T21:18:49","slug":"reajuste-salarial-dos-professores-da-rede-estadual-do-parana-e-sancionado","status":"publish","type":"post","link":"https:\/\/www.paranapraia.com.br\/index.php\/2025\/06\/24\/reajuste-salarial-dos-professores-da-rede-estadual-do-parana-e-sancionado\/","title":{"rendered":"Reajuste salarial dos professores da rede estadual do Paran\u00e1 \u00e9 sancionado"},"content":{"rendered":"\n<p>O governador em exerc\u00edcio Darci Piana sancionou nesta ter\u00e7a-feira (24) a\u00a0lei que institui reajuste\u00a0no sal\u00e1rio dos professores do magist\u00e9rio estadual, podendo chegar a um aumento de at\u00e9 11,31% em algumas classes. A medida beneficia 68 mil professores ativos e 40 mil inativos, que tamb\u00e9m ter\u00e3o os vencimentos reajustados. O pagamento do reajuste ser\u00e1 retroativo ao m\u00eas de abril.<\/p>\n\n\n\n<p>Com a mudan\u00e7a, que representa um acr\u00e9scimo de at\u00e9 R$ 500, o menor valor para o primeiro n\u00edvel na jornada de 40 horas ser\u00e1 de R$ 6,6 mil para funcion\u00e1rios da ativa, incluindo benef\u00edcios. O piso nacional para o mesmo per\u00edodo, na base da carreira, \u00e9 de R$ 4,8 mil. Al\u00e9m da nova tabela do sal\u00e1rio-base, os profissionais ainda recebem aux\u00edlio-transporte (R$ 891,32) e gratifica\u00e7\u00e3o de tecnologia e ensino (R$ 846,32).<\/p>\n\n\n\n<p>O reajuste estava previsto no projeto de lei encaminhado pelo Executivo \u00e0 Assembleia Legislativa do Paran\u00e1 no final de maio. O objetivo \u00e9 valorizar a carreira na rede estadual de ensino e reconhecer o empenho dos profissionais na forma\u00e7\u00e3o dos estudantes paranaenses. Al\u00e9m do reajuste, o Governo do Estado nomeou mais de 3,4 mil profissionais do \u00faltimo concurso p\u00fablico, e prev\u00ea nomear mais 1,1 mil professores.<\/p>\n\n\n\n<p>Ter\u00e3o reajustes nominais professores que t\u00eam jornadas de 20 horas e para os profissionais que trabalham em jornadas de 40 horas, que s\u00e3o as refer\u00eancias \u2013 professores com cargos de 20 horas semanais podem trabalhar com aulas extras, recebendo o valor proporcional da carga hor\u00e1ria trabalhada. Os profissionais do topo da carreira podem ter uma remunera\u00e7\u00e3o de mais de R$ 13,9 mil com a soma de sal\u00e1rio, aux\u00edlio e gratifica\u00e7\u00e3o.<\/p>\n\n\n\n<p>Os valores ser\u00e3o aplicados para todos os n\u00edveis e todas as classes do Quadro Pr\u00f3prio do Magist\u00e9rio (QPM) e para o Quadro \u00danico de Pessoal (QUP), que \u00e9 mais antigo e ser\u00e1 extinto porque os novos profissionais s\u00e3o incorporados ao QPM. O impacto da mudan\u00e7a ser\u00e1 de cerca de R$ 456 milh\u00f5es por ano na folha de pagamento do funcionalismo.<\/p>\n\n\n\n<p><strong>VALORIZA\u00c7\u00c3O<\/strong>&nbsp;\u2013 O Paran\u00e1 \u00e9 o Estado que mais investe em educa\u00e7\u00e3o no Brasil. Em 2024, por exemplo, foram destinados mais de R$ 17,5 bilh\u00f5es ao ensino de crian\u00e7as, jovens e adultos, o que correspondeu a 32,28% da receita l\u00edquida de impostos, o maior percentual do Pa\u00eds.<\/p>\n\n\n\n<p>Este investimento faz parte de uma pol\u00edtica de valoriza\u00e7\u00e3o da educa\u00e7\u00e3o como motor do desenvolvimento do Estado. Como resultado disso, o Paran\u00e1 \u00e9 o atual l\u00edder nacional no \u00cdndice de Desenvolvimento da Educa\u00e7\u00e3o B\u00e1sica (Ideb), com as melhores m\u00e9dias tanto no ensino m\u00e9dio, como no ensino fundamental, na soma dos ensinos p\u00fablico e privado.<\/p>\n\n\n\n<p>Neste ano, o Estado tamb\u00e9m possibilitou que 2 mil professores da rede ampliem suas jornadas de 20 para 40 horas. A medida era uma demanda hist\u00f3rica da classe e impacta diretamente na previsibilidade profissional e financeira dos profissionais, al\u00e9m de oferecer um ensino ainda mais qualificado aos alunos.<\/p>\n\n\n\n<p>AEN\/PR<\/p>\n","protected":false},"excerpt":{"rendered":"<p>O governador em exerc\u00edcio Darci Piana sancionou nesta ter\u00e7a-feira (24) a\u00a0lei que institui reajuste\u00a0no sal\u00e1rio dos professores do magist\u00e9rio estadual, podendo chegar a um aumento de at\u00e9 11,31% em algumas classes. A medida beneficia 68 mil professores ativos e 40 mil inativos, que tamb\u00e9m ter\u00e3o os vencimentos reajustados. O pagamento do reajuste ser\u00e1 retroativo ao [&hellip;]<\/p>\n","protected":false},"author":2,"featured_media":69203,"comment_status":"open","ping_status":"open","sticky":false,"template":"","format":"standard","meta":{"advanced_seo_description":"","jetpack_seo_html_title":"","jetpack_seo_noindex":false,"_jetpack_memberships_contains_paid_content":false,"footnotes":""},"categories":[40],"tags":[],"class_list":{"0":"post-69202","1":"post","2":"type-post","3":"status-publish","4":"format-standard","5":"has-post-thumbnail","7":"category-destaques"},"jetpack_featured_media_url":"https:\/\/www.paranapraia.com.br\/wp-content\/uploads\/2025\/06\/yvone_pimentel24-scaled.jpg","jetpack_sharing_enabled":true,"_links":{"self":[{"href":"https:\/\/www.paranapraia.com.br\/index.php\/wp-json\/wp\/v2\/posts\/69202"}],"collection":[{"href":"https:\/\/www.paranapraia.com.br\/index.php\/wp-json\/wp\/v2\/posts"}],"about":[{"href":"https:\/\/www.paranapraia.com.br\/index.php\/wp-json\/wp\/v2\/types\/post"}],"author":[{"embeddable":true,"href":"https:\/\/www.paranapraia.com.br\/index.php\/wp-json\/wp\/v2\/users\/2"}],"replies":[{"embeddable":true,"href":"https:\/\/www.paranapraia.com.br\/index.php\/wp-json\/wp\/v2\/comments?post=69202"}],"version-history":[{"count":1,"href":"https:\/\/www.paranapraia.com.br\/index.php\/wp-json\/wp\/v2\/posts\/69202\/revisions"}],"predecessor-version":[{"id":69204,"href":"https:\/\/www.paranapraia.com.br\/index.php\/wp-json\/wp\/v2\/posts\/69202\/revisions\/69204"}],"wp:featuredmedia":[{"embeddable":true,"href":"https:\/\/www.paranapraia.com.br\/index.php\/wp-json\/wp\/v2\/media\/69203"}],"wp:attachment":[{"href":"https:\/\/www.paranapraia.com.br\/index.php\/wp-json\/wp\/v2\/media?parent=69202"}],"wp:term":[{"taxonomy":"category","embeddable":true,"href":"https:\/\/www.paranapraia.com.br\/index.php\/wp-json\/wp\/v2\/categories?post=69202"},{"taxonomy":"post_tag","embeddable":true,"href":"https:\/\/www.paranapraia.com.br\/index.php\/wp-json\/wp\/v2\/tags?post=69202"}],"curies":[{"name":"wp","href":"https:\/\/api.w.org\/{rel}","templated":true}]}}