{"id":69199,"date":"2025-06-24T17:32:03","date_gmt":"2025-06-24T20:32:03","guid":{"rendered":"https:\/\/www.paranapraia.com.br\/?p=69199"},"modified":"2025-06-24T17:32:05","modified_gmt":"2025-06-24T20:32:05","slug":"historias-dos-abrigados-inspiram-campanha-do-lar-perseveranca-contra-a-violencia-a-idosos","status":"publish","type":"post","link":"https:\/\/www.paranapraia.com.br\/index.php\/2025\/06\/24\/historias-dos-abrigados-inspiram-campanha-do-lar-perseveranca-contra-a-violencia-a-idosos\/","title":{"rendered":"Hist\u00f3rias dos abrigados inspiram campanha do Lar Perseveran\u00e7a contra a viol\u00eancia a idosos"},"content":{"rendered":"\n<p>S\u00e3o nas hist\u00f3rias de quem muito viveu e, por isso, tem muito a ensinar, que o Lar dos Idosos Perseveran\u00e7a, de Paranagu\u00e1, encontrou inspira\u00e7\u00e3o para lan\u00e7ar mais uma edi\u00e7\u00e3o da cartilha \u201cVelha Inf\u00e2ncia\u201d. A publica\u00e7\u00e3o chega \u00e0 sua quarta edi\u00e7\u00e3o em alus\u00e3o ao Dia Mundial de Conscientiza\u00e7\u00e3o da Viol\u00eancia contra a Pessoa Idosa, celebrado em 15 de junho. Neste ano, a cartilha re\u00fane as mem\u00f3rias de quatro idosos acolhidos pela institui\u00e7\u00e3o e de um aluno da rede municipal de ensino.<\/p>\n\n\n\n<p>Gabriela Bremer Martins, supervisora administrativa do Lar, explica que a proposta do projeto \u00e9 promover uma conex\u00e3o entre gera\u00e7\u00f5es. <em>\u201cNosso objetivo \u00e9 aproximar os idosos das crian\u00e7as, promovendo esse v\u00ednculo de afeto e respeito. Queremos ensinar desde cedo como cuidar das pessoas mais velhas, por isso a cartilha foi elaborada de forma bem l\u00fadica. As crian\u00e7as aprendem e, caso presenciem alguma situa\u00e7\u00e3o de maus-tratos, sabem que podem e devem denunciar\u201d<\/em>, comenta.<\/p>\n\n\n\n<p>Entre as hist\u00f3rias retratadas est\u00e1 a de Estelito Jos\u00e9 Caetano, de 67 anos, que h\u00e1 um ano vive no Lar. Natural de Calif\u00f3rnia, no interior do Paran\u00e1, ele conta que encontrou na institui\u00e7\u00e3o um ambiente acolhedor e cheio de novas amizades. <em>\u201cTenho cinco irm\u00e3s. Quando era jovem, trabalhava na fazenda, carregava bebidas, e tamb\u00e9m fui motorista de caminh\u00e3o por muitos anos. De manh\u00e3, fico aqui no port\u00e3o. Recebo visitas, doa\u00e7\u00f5es e as compras. O tempo voa! \u00c0 tarde tem bingo, cinema e passeio\u2026 a gente se diverte bastante\u201d<\/em>, diz o trecho que conta a vida de Estelito.<\/p>\n\n\n\n<h3 class=\"wp-block-heading\">Cartilha feita em Paranagu\u00e1<\/h3>\n\n\n\n<p>A parte visual da cartilha foi ilustrada por Caro Iatsunik, artista de Paranagu\u00e1, enquanto os textos foram desenvolvidos pela pr\u00f3pria equipe da institui\u00e7\u00e3o. O aluno da rede municipal escolhido para integrar o material foi o vencedor de uma campanha de arrecada\u00e7\u00e3o de tampinhas pl\u00e1sticas, promovida em prol do Lar Perseveran\u00e7a. O conte\u00fado foi viabilizado com o apoio de empresas patrocinadoras e distribu\u00eddo \u00e0s crian\u00e7as das escolas p\u00fablicas da cidade.<\/p>\n\n\n\n<h3 class=\"wp-block-heading\">Viol\u00eancia contra os Idosos<\/h3>\n\n\n\n<p>O Lar tamb\u00e9m faz parte de uma das a\u00e7\u00f5es do Lar em rela\u00e7\u00e3o ao Junho Violeta, m\u00eas dedicado ao enfrentamento da viol\u00eancia contra os idosos. A supervisora administrativa da institui\u00e7\u00e3o, Gabriela Bremer Martins, refor\u00e7a que a viol\u00eancia contra a pessoa idosa pode assumir muitas formas, e n\u00e3o se limita apenas \u00e0 agress\u00e3o f\u00edsica. <em>\u201cN\u00e3o \u00e9 s\u00f3 o bater, machucar que \u00e9 uma viol\u00eancia. Gritar, xingar tamb\u00e9m \u00e9. At\u00e9 mesmo a neglig\u00eancia, n\u00e3o dar uma alimenta\u00e7\u00e3o adequada ou n\u00e3o dar banho\u201d<\/em>, conta.<\/p>\n\n\n\n<p>A delegada Camilla Cecconello, chefe da Divis\u00e3o de Homic\u00eddios e Prote\u00e7\u00e3o \u00e0 Pessoa (DHPP) da Pol\u00edcia Civil do Paran\u00e1 (PCPR), tamb\u00e9m destaca a import\u00e2ncia da den\u00fancia como forma de enfrentamento a esses crimes. <em>\u201cA viol\u00eancia contra idosos \u00e9 uma realidade complexa e dolorosa, que precisamos enfrentar com determina\u00e7\u00e3o. \u00c9 fundamental que a popula\u00e7\u00e3o paranaense esteja atenta aos sinais e, acima de tudo, sinta-se segura para denunciar. Somente com a colabora\u00e7\u00e3o de todos podemos proteger nossos idosos\u201d<\/em>, afirma.<\/p>\n\n\n\n<p>Entre os crimes mais recorrentes contra pessoas idosas, segundo a delegada, est\u00e3o a viol\u00eancia financeira e a psicol\u00f3gica. <em>\u201cPercebemos que muitos idosos sofrem abusos financeiros por parte de familiares, como a reten\u00e7\u00e3o das aposentadorias e a apropria\u00e7\u00e3o de bens, al\u00e9m de um crescimento preocupante nos casos de estelionato contra pessoas idosas\u201d<\/em>, explica.<\/p>\n\n\n\n<h3 class=\"wp-block-heading\">Mais idosos do que crian\u00e7as<\/h3>\n\n\n\n<p>Essa realidade ganha ainda mais relev\u00e2ncia diante do envelhecimento populacional. Dados do Censo 2022 indicam que h\u00e1 34.222 pessoas com 65 anos ou mais nos munic\u00edpios do Litoral do Paran\u00e1, sendo que Paranagu\u00e1 lidera, com 13.103 idosos. <em>\u201cO que a gente percebe \u00e9 que cada vez mais a popula\u00e7\u00e3o idosa est\u00e1 crescendo. Por isso, \u00e9 importante todos estarmos conscientes de que vamos ter um idoso na fam\u00edlia e que vamos precisar cuidar adequadamente dele\u201d<\/em>, complementa Gabriela Martins.<\/p>\n\n\n\n<p>As proje\u00e7\u00f5es indicam que o Paran\u00e1 est\u00e1 prestes a viver uma mudan\u00e7a demogr\u00e1fica hist\u00f3rica: at\u00e9 2027, o n\u00famero de pessoas com mais de 60 anos deve superar o da parcela da popula\u00e7\u00e3o com menos de 15. A estimativa, feita pelo Instituto Paranaense de Desenvolvimento Econ\u00f4mico e Social (Ipardes), aponta para uma invers\u00e3o da pir\u00e2mide et\u00e1ria, o que exigir\u00e1 pol\u00edticas p\u00fablicas e aten\u00e7\u00e3o redobrada da sociedade. Nos pr\u00f3ximos 20 anos, a popula\u00e7\u00e3o idosa no estado poder\u00e1 alcan\u00e7ar o dobro da quantidade de jovens.<\/p>\n\n\n\n<h3 class=\"wp-block-heading\">Como ajudar o Perseveran\u00e7a<\/h3>\n\n\n\n<p>Fundada em 14 de mar\u00e7o de 1940, a Sociedade de Assist\u00eancia aos Necessitados \u00e9 uma institui\u00e7\u00e3o sem fins lucrativos que deu origem ao atual Lar dos Idosos Perseveran\u00e7a. Inicialmente conhecido como \u201cAbrigo dos Idosos\u201d, o local atendia pessoas em situa\u00e7\u00e3o de rua e funcionava como albergue noturno. Com o tempo, a institui\u00e7\u00e3o passou a se dedicar exclusivamente ao acolhimento de idosos.<\/p>\n\n\n\n<p>Atualmente, o Lar est\u00e1 localizado na Rua dos Expedicion\u00e1rios, 782, e abriga 67 moradores, entre homens e mulheres. Para manter suas atividades, a casa aceita doa\u00e7\u00f5es em dinheiro, al\u00e9m de alimentos e produtos de higiene.<\/p>\n\n\n\n<p>Por Maisy Pires e Thais Skodowski \/ JB Litoral<br><\/p>\n","protected":false},"excerpt":{"rendered":"<p>S\u00e3o nas hist\u00f3rias de quem muito viveu e, por isso, tem muito a ensinar, que o Lar dos Idosos Perseveran\u00e7a, de Paranagu\u00e1, encontrou inspira\u00e7\u00e3o para lan\u00e7ar mais uma edi\u00e7\u00e3o da cartilha \u201cVelha Inf\u00e2ncia\u201d. A publica\u00e7\u00e3o chega \u00e0 sua quarta edi\u00e7\u00e3o em alus\u00e3o ao Dia Mundial de Conscientiza\u00e7\u00e3o da Viol\u00eancia contra a Pessoa Idosa, celebrado em [&hellip;]<\/p>\n","protected":false},"author":2,"featured_media":69200,"comment_status":"open","ping_status":"open","sticky":false,"template":"","format":"standard","meta":{"advanced_seo_description":"","jetpack_seo_html_title":"","jetpack_seo_noindex":false,"_jetpack_memberships_contains_paid_content":false,"footnotes":""},"categories":[77],"tags":[],"class_list":{"0":"post-69199","1":"post","2":"type-post","3":"status-publish","4":"format-standard","5":"has-post-thumbnail","7":"category-paranagua"},"jetpack_featured_media_url":"https:\/\/www.paranapraia.com.br\/wp-content\/uploads\/2025\/06\/FOTO-1-Diogo-Monteiro-JB-Litoral-6-scaled-1-scaled.jpg","jetpack_sharing_enabled":true,"_links":{"self":[{"href":"https:\/\/www.paranapraia.com.br\/index.php\/wp-json\/wp\/v2\/posts\/69199"}],"collection":[{"href":"https:\/\/www.paranapraia.com.br\/index.php\/wp-json\/wp\/v2\/posts"}],"about":[{"href":"https:\/\/www.paranapraia.com.br\/index.php\/wp-json\/wp\/v2\/types\/post"}],"author":[{"embeddable":true,"href":"https:\/\/www.paranapraia.com.br\/index.php\/wp-json\/wp\/v2\/users\/2"}],"replies":[{"embeddable":true,"href":"https:\/\/www.paranapraia.com.br\/index.php\/wp-json\/wp\/v2\/comments?post=69199"}],"version-history":[{"count":1,"href":"https:\/\/www.paranapraia.com.br\/index.php\/wp-json\/wp\/v2\/posts\/69199\/revisions"}],"predecessor-version":[{"id":69201,"href":"https:\/\/www.paranapraia.com.br\/index.php\/wp-json\/wp\/v2\/posts\/69199\/revisions\/69201"}],"wp:featuredmedia":[{"embeddable":true,"href":"https:\/\/www.paranapraia.com.br\/index.php\/wp-json\/wp\/v2\/media\/69200"}],"wp:attachment":[{"href":"https:\/\/www.paranapraia.com.br\/index.php\/wp-json\/wp\/v2\/media?parent=69199"}],"wp:term":[{"taxonomy":"category","embeddable":true,"href":"https:\/\/www.paranapraia.com.br\/index.php\/wp-json\/wp\/v2\/categories?post=69199"},{"taxonomy":"post_tag","embeddable":true,"href":"https:\/\/www.paranapraia.com.br\/index.php\/wp-json\/wp\/v2\/tags?post=69199"}],"curies":[{"name":"wp","href":"https:\/\/api.w.org\/{rel}","templated":true}]}}