{"id":69181,"date":"2025-06-24T16:43:33","date_gmt":"2025-06-24T19:43:33","guid":{"rendered":"https:\/\/www.paranapraia.com.br\/?p=69181"},"modified":"2025-06-24T16:43:36","modified_gmt":"2025-06-24T19:43:36","slug":"morretes-participa-de-encontro-estadual-de-bibliotecas-publicas-e-avanca-na-reabertura-da-biblioteca-municipal","status":"publish","type":"post","link":"https:\/\/www.paranapraia.com.br\/index.php\/2025\/06\/24\/morretes-participa-de-encontro-estadual-de-bibliotecas-publicas-e-avanca-na-reabertura-da-biblioteca-municipal\/","title":{"rendered":"Morretes participa de Encontro Estadual de Bibliotecas P\u00fablicas e avan\u00e7a na reabertura da Biblioteca Municipal"},"content":{"rendered":"\n<p>Nos dias\u00a017 e 18 de junho de 2025, a Prefeitura de Morretes, por meio da\u00a0Secretaria Municipal de Cultura e Turismo, participou do\u00a0Encontro do Sistema Estadual de Bibliotecas com os Gestores de Cultura e Atendentes de Bibliotecas P\u00fablicas Municipais do Paran\u00e1, realizado na\u00a0Biblioteca P\u00fablica do Paran\u00e1, em Curitiba.<\/p>\n\n\n\n<p>O munic\u00edpio foi representado por\u00a0Larissa Tonetti, que participou como representante da Secretaria de Cultura e Turismo. O encontro promoveu momentos de\u00a0forma\u00e7\u00e3o, troca de experi\u00eancias e fortalecimento das a\u00e7\u00f5es em rede, fundamentais para o desenvolvimento e a qualifica\u00e7\u00e3o das bibliotecas p\u00fablicas no estado.<\/p>\n\n\n\n<p>Essa participa\u00e7\u00e3o marca mais um passo estrat\u00e9gico em dire\u00e7\u00e3o \u00e0\u00a0reabertura da Biblioteca P\u00fablica Municipal Jos\u00e9 Gon\u00e7alves de Morais, um espa\u00e7o essencial para a promo\u00e7\u00e3o da leitura, da educa\u00e7\u00e3o e do acesso democr\u00e1tico \u00e0 informa\u00e7\u00e3o em Morretes.<\/p>\n\n\n\n<p>Estar presente nesse di\u00e1logo com outros munic\u00edpios e com a\u00a0Coordena\u00e7\u00e3o Estadual do Sistema de Bibliotecas P\u00fablicas\u00a0refor\u00e7a o compromisso da gest\u00e3o municipal com a\u00a0valoriza\u00e7\u00e3o do patrim\u00f4nio cultural\u00a0e com a\u00a0reativa\u00e7\u00e3o de equipamentos p\u00fablicos\u00a0que impactam diretamente na qualidade de vida da popula\u00e7\u00e3o.<\/p>\n\n\n\n<p>Prefeitura de Morretes<\/p>\n","protected":false},"excerpt":{"rendered":"<p>Nos dias\u00a017 e 18 de junho de 2025, a Prefeitura de Morretes, por meio da\u00a0Secretaria Municipal de Cultura e Turismo, participou do\u00a0Encontro do Sistema Estadual de Bibliotecas com os Gestores de Cultura e Atendentes de Bibliotecas P\u00fablicas Municipais do Paran\u00e1, realizado na\u00a0Biblioteca P\u00fablica do Paran\u00e1, em Curitiba. O munic\u00edpio foi representado por\u00a0Larissa Tonetti, que participou [&hellip;]<\/p>\n","protected":false},"author":2,"featured_media":69182,"comment_status":"open","ping_status":"open","sticky":false,"template":"","format":"standard","meta":{"advanced_seo_description":"","jetpack_seo_html_title":"","jetpack_seo_noindex":false,"_jetpack_memberships_contains_paid_content":false,"footnotes":""},"categories":[125],"tags":[],"class_list":{"0":"post-69181","1":"post","2":"type-post","3":"status-publish","4":"format-standard","5":"has-post-thumbnail","7":"category-morretes"},"jetpack_featured_media_url":"https:\/\/www.paranapraia.com.br\/wp-content\/uploads\/2025\/06\/whatsapp-image-2025-06-24-at-094116-scaled.jpg","jetpack_sharing_enabled":true,"_links":{"self":[{"href":"https:\/\/www.paranapraia.com.br\/index.php\/wp-json\/wp\/v2\/posts\/69181"}],"collection":[{"href":"https:\/\/www.paranapraia.com.br\/index.php\/wp-json\/wp\/v2\/posts"}],"about":[{"href":"https:\/\/www.paranapraia.com.br\/index.php\/wp-json\/wp\/v2\/types\/post"}],"author":[{"embeddable":true,"href":"https:\/\/www.paranapraia.com.br\/index.php\/wp-json\/wp\/v2\/users\/2"}],"replies":[{"embeddable":true,"href":"https:\/\/www.paranapraia.com.br\/index.php\/wp-json\/wp\/v2\/comments?post=69181"}],"version-history":[{"count":1,"href":"https:\/\/www.paranapraia.com.br\/index.php\/wp-json\/wp\/v2\/posts\/69181\/revisions"}],"predecessor-version":[{"id":69183,"href":"https:\/\/www.paranapraia.com.br\/index.php\/wp-json\/wp\/v2\/posts\/69181\/revisions\/69183"}],"wp:featuredmedia":[{"embeddable":true,"href":"https:\/\/www.paranapraia.com.br\/index.php\/wp-json\/wp\/v2\/media\/69182"}],"wp:attachment":[{"href":"https:\/\/www.paranapraia.com.br\/index.php\/wp-json\/wp\/v2\/media?parent=69181"}],"wp:term":[{"taxonomy":"category","embeddable":true,"href":"https:\/\/www.paranapraia.com.br\/index.php\/wp-json\/wp\/v2\/categories?post=69181"},{"taxonomy":"post_tag","embeddable":true,"href":"https:\/\/www.paranapraia.com.br\/index.php\/wp-json\/wp\/v2\/tags?post=69181"}],"curies":[{"name":"wp","href":"https:\/\/api.w.org\/{rel}","templated":true}]}}