{"id":69178,"date":"2025-06-24T16:40:46","date_gmt":"2025-06-24T19:40:46","guid":{"rendered":"https:\/\/www.paranapraia.com.br\/?p=69178"},"modified":"2025-06-24T16:40:47","modified_gmt":"2025-06-24T19:40:47","slug":"morretes-realiza-a-viii-conferencia-municipal-dos-direitos-da-pessoa-idosa","status":"publish","type":"post","link":"https:\/\/www.paranapraia.com.br\/index.php\/2025\/06\/24\/morretes-realiza-a-viii-conferencia-municipal-dos-direitos-da-pessoa-idosa\/","title":{"rendered":"Morretes realiza a VIII Confer\u00eancia Municipal dos Direitos da Pessoa Idosa"},"content":{"rendered":"\n<p>A Prefeitura Municipal de Morretes, por meio da Secretaria Municipal de Assist\u00eancia Social e do Conselho Municipal dos Direitos da Pessoa Idosa, convida toda a popula\u00e7\u00e3o para participar da&nbsp;<strong>VIII Confer\u00eancia Municipal dos Direitos da Pessoa Idosa<\/strong>, que ser\u00e1 realizada no pr\u00f3ximo dia&nbsp;<strong>28 de junho de 2025<\/strong>, das&nbsp;<strong>12h30 \u00e0s 18h<\/strong>, na sede da Secretaria de Assist\u00eancia Social.<\/p>\n\n\n\n<p>Com o tema&nbsp;<strong>&#8220;Envelhecimento Multicultural e Democracia: Urg\u00eancia por Equidade, Direitos e Participa\u00e7\u00e3o&#8221;<\/strong>, o evento tem como objetivo promover o debate e a constru\u00e7\u00e3o de propostas que fortale\u00e7am os direitos da pessoa idosa no munic\u00edpio, com foco na equidade, na inclus\u00e3o social e na garantia de uma velhice digna e participativa.<\/p>\n\n\n\n<p>A confer\u00eancia \u00e9 um espa\u00e7o democr\u00e1tico de escuta e di\u00e1logo entre poder p\u00fablico, sociedade civil e pessoas idosas, visando a constru\u00e7\u00e3o de pol\u00edticas p\u00fablicas efetivas e inclusivas. A participa\u00e7\u00e3o da comunidade \u00e9 fundamental para ampliar a conscientiza\u00e7\u00e3o sobre os desafios e as potencialidades do envelhecimento em nossa sociedade.<\/p>\n\n\n\n<p><strong>Servi\u00e7o:<\/strong><\/p>\n\n\n\n<ul class=\"wp-block-list\">\n<li><strong>Data:<\/strong>\u00a028 de junho de 2025<\/li>\n\n\n\n<li><strong>Hor\u00e1rio:<\/strong>\u00a012h30 \u00e0s 18h<\/li>\n\n\n\n<li><strong>Local:<\/strong>\u00a0Secretaria Municipal de Assist\u00eancia Social<\/li>\n\n\n\n<li><strong>Endere\u00e7o:<\/strong>\u00a0Rua Santos Dumont, n\u00ba 108 \u2013 Centro (em frente ao Hospital de Morretes)<\/li>\n<\/ul>\n\n\n\n<p>Participe e contribua para uma Morretes mais justa e acolhedora para todas as idades.<\/p>\n\n\n\n<p>Prefeitura de Morretes<\/p>\n","protected":false},"excerpt":{"rendered":"<p>A Prefeitura Municipal de Morretes, por meio da Secretaria Municipal de Assist\u00eancia Social e do Conselho Municipal dos Direitos da Pessoa Idosa, convida toda a popula\u00e7\u00e3o para participar da&nbsp;VIII Confer\u00eancia Municipal dos Direitos da Pessoa Idosa, que ser\u00e1 realizada no pr\u00f3ximo dia&nbsp;28 de junho de 2025, das&nbsp;12h30 \u00e0s 18h, na sede da Secretaria de Assist\u00eancia [&hellip;]<\/p>\n","protected":false},"author":2,"featured_media":69179,"comment_status":"open","ping_status":"open","sticky":false,"template":"","format":"standard","meta":{"advanced_seo_description":"","jetpack_seo_html_title":"","jetpack_seo_noindex":false,"_jetpack_memberships_contains_paid_content":false,"footnotes":""},"categories":[125],"tags":[],"class_list":{"0":"post-69178","1":"post","2":"type-post","3":"status-publish","4":"format-standard","5":"has-post-thumbnail","7":"category-morretes"},"jetpack_featured_media_url":"https:\/\/www.paranapraia.com.br\/wp-content\/uploads\/2025\/06\/siteconferenciaidoso.jpg","jetpack_sharing_enabled":true,"_links":{"self":[{"href":"https:\/\/www.paranapraia.com.br\/index.php\/wp-json\/wp\/v2\/posts\/69178"}],"collection":[{"href":"https:\/\/www.paranapraia.com.br\/index.php\/wp-json\/wp\/v2\/posts"}],"about":[{"href":"https:\/\/www.paranapraia.com.br\/index.php\/wp-json\/wp\/v2\/types\/post"}],"author":[{"embeddable":true,"href":"https:\/\/www.paranapraia.com.br\/index.php\/wp-json\/wp\/v2\/users\/2"}],"replies":[{"embeddable":true,"href":"https:\/\/www.paranapraia.com.br\/index.php\/wp-json\/wp\/v2\/comments?post=69178"}],"version-history":[{"count":1,"href":"https:\/\/www.paranapraia.com.br\/index.php\/wp-json\/wp\/v2\/posts\/69178\/revisions"}],"predecessor-version":[{"id":69180,"href":"https:\/\/www.paranapraia.com.br\/index.php\/wp-json\/wp\/v2\/posts\/69178\/revisions\/69180"}],"wp:featuredmedia":[{"embeddable":true,"href":"https:\/\/www.paranapraia.com.br\/index.php\/wp-json\/wp\/v2\/media\/69179"}],"wp:attachment":[{"href":"https:\/\/www.paranapraia.com.br\/index.php\/wp-json\/wp\/v2\/media?parent=69178"}],"wp:term":[{"taxonomy":"category","embeddable":true,"href":"https:\/\/www.paranapraia.com.br\/index.php\/wp-json\/wp\/v2\/categories?post=69178"},{"taxonomy":"post_tag","embeddable":true,"href":"https:\/\/www.paranapraia.com.br\/index.php\/wp-json\/wp\/v2\/tags?post=69178"}],"curies":[{"name":"wp","href":"https:\/\/api.w.org\/{rel}","templated":true}]}}