{"id":69172,"date":"2025-06-24T16:28:49","date_gmt":"2025-06-24T19:28:49","guid":{"rendered":"https:\/\/www.paranapraia.com.br\/?p=69172"},"modified":"2025-06-24T16:28:52","modified_gmt":"2025-06-24T19:28:52","slug":"antonina-recebe-atendimento-movel-do-cref9-pr-para-profissionais-de-educacao-fisica","status":"publish","type":"post","link":"https:\/\/www.paranapraia.com.br\/index.php\/2025\/06\/24\/antonina-recebe-atendimento-movel-do-cref9-pr-para-profissionais-de-educacao-fisica\/","title":{"rendered":"Antonina recebe atendimento m\u00f3vel do CREF9\/PR para profissionais de Educa\u00e7\u00e3o F\u00edsica"},"content":{"rendered":"\n<p>Antonina vai receber, nos pr\u00f3ximos dias, o atendimento m\u00f3vel do Conselho Regional de Educa\u00e7\u00e3o F\u00edsica da 9\u00aa Regi\u00e3o \u2013 Paran\u00e1 (CREF9\/PR), que oferecer\u00e1 diversos servi\u00e7os diretamente aos profissionais da \u00e1rea, sem a necessidade de deslocamento at\u00e9 a sede do Conselho.<\/p>\n\n\n\n<p>A a\u00e7\u00e3o acontece em parceria com a Prefeitura de Antonina, atrav\u00e9s da Secretaria Municipal de Educa\u00e7\u00e3o e da Coordenadoria de Esportes, <a><\/a>e tem como objetivo facilitar o acesso dos profissionais de Educa\u00e7\u00e3o F\u00edsica aos servi\u00e7os oferecidos pelo Conselho.<\/p>\n\n\n\n<p>Entre os atendimentos dispon\u00edveis est\u00e3o: consultas e orienta\u00e7\u00f5es, coleta de documentos para novos registros, recebimento de den\u00fancias, coleta de digitais e assinaturas, retirada de c\u00e9dulas de identidade profissional, impress\u00e3o de boletos, atualiza\u00e7\u00e3o cadastral e esclarecimento de d\u00favidas.<\/p>\n\n\n\n<p>Prefeitura de Antonina<\/p>\n","protected":false},"excerpt":{"rendered":"<p>Antonina vai receber, nos pr\u00f3ximos dias, o atendimento m\u00f3vel do Conselho Regional de Educa\u00e7\u00e3o F\u00edsica da 9\u00aa Regi\u00e3o \u2013 Paran\u00e1 (CREF9\/PR), que oferecer\u00e1 diversos servi\u00e7os diretamente aos profissionais da \u00e1rea, sem a necessidade de deslocamento at\u00e9 a sede do Conselho. A a\u00e7\u00e3o acontece em parceria com a Prefeitura de Antonina, atrav\u00e9s da Secretaria Municipal de [&hellip;]<\/p>\n","protected":false},"author":2,"featured_media":69173,"comment_status":"open","ping_status":"open","sticky":false,"template":"","format":"standard","meta":{"advanced_seo_description":"","jetpack_seo_html_title":"","jetpack_seo_noindex":false,"_jetpack_memberships_contains_paid_content":false,"footnotes":""},"categories":[132],"tags":[],"class_list":{"0":"post-69172","1":"post","2":"type-post","3":"status-publish","4":"format-standard","5":"has-post-thumbnail","7":"category-antonina"},"jetpack_featured_media_url":"https:\/\/www.paranapraia.com.br\/wp-content\/uploads\/2025\/06\/508244874_1157708726388196_8627291139544703769_n-scaled.jpg","jetpack_sharing_enabled":true,"_links":{"self":[{"href":"https:\/\/www.paranapraia.com.br\/index.php\/wp-json\/wp\/v2\/posts\/69172"}],"collection":[{"href":"https:\/\/www.paranapraia.com.br\/index.php\/wp-json\/wp\/v2\/posts"}],"about":[{"href":"https:\/\/www.paranapraia.com.br\/index.php\/wp-json\/wp\/v2\/types\/post"}],"author":[{"embeddable":true,"href":"https:\/\/www.paranapraia.com.br\/index.php\/wp-json\/wp\/v2\/users\/2"}],"replies":[{"embeddable":true,"href":"https:\/\/www.paranapraia.com.br\/index.php\/wp-json\/wp\/v2\/comments?post=69172"}],"version-history":[{"count":1,"href":"https:\/\/www.paranapraia.com.br\/index.php\/wp-json\/wp\/v2\/posts\/69172\/revisions"}],"predecessor-version":[{"id":69174,"href":"https:\/\/www.paranapraia.com.br\/index.php\/wp-json\/wp\/v2\/posts\/69172\/revisions\/69174"}],"wp:featuredmedia":[{"embeddable":true,"href":"https:\/\/www.paranapraia.com.br\/index.php\/wp-json\/wp\/v2\/media\/69173"}],"wp:attachment":[{"href":"https:\/\/www.paranapraia.com.br\/index.php\/wp-json\/wp\/v2\/media?parent=69172"}],"wp:term":[{"taxonomy":"category","embeddable":true,"href":"https:\/\/www.paranapraia.com.br\/index.php\/wp-json\/wp\/v2\/categories?post=69172"},{"taxonomy":"post_tag","embeddable":true,"href":"https:\/\/www.paranapraia.com.br\/index.php\/wp-json\/wp\/v2\/tags?post=69172"}],"curies":[{"name":"wp","href":"https:\/\/api.w.org\/{rel}","templated":true}]}}