{"id":69163,"date":"2025-06-24T15:59:19","date_gmt":"2025-06-24T18:59:19","guid":{"rendered":"https:\/\/www.paranapraia.com.br\/?p=69163"},"modified":"2025-06-24T15:59:22","modified_gmt":"2025-06-24T18:59:22","slug":"guaratuba-oficina-gratuita-nesta-quinta-feira-valoriza-memorias-e-historias-locais","status":"publish","type":"post","link":"https:\/\/www.paranapraia.com.br\/index.php\/2025\/06\/24\/guaratuba-oficina-gratuita-nesta-quinta-feira-valoriza-memorias-e-historias-locais\/","title":{"rendered":"Guaratuba: Oficina gratuita nesta quinta-feira valoriza mem\u00f3rias e hist\u00f3rias locais"},"content":{"rendered":"\n<p>Guaratuba recebe nesta quinta-feira (26), a oficina gratuita \u201cMem\u00f3rias Guaratubanas \u2013 Contos e Retratos\u201d, uma atividade que convida os participantes a vivenciarem o processo de escuta, registro e valoriza\u00e7\u00e3o das hist\u00f3rias de vida por meio da escrita e da fotografia. A oficina acontece das 15h \u00e0s 17h30, no sal\u00e3o da Igreja Santo Ant\u00f4nio, no Coroados, e \u00e9 aberta a todas as pessoas acima de 16 anos, com <a><\/a>prioridade para o p\u00fablico idoso.<\/p>\n\n\n\n<p>Durante a oficina, que tem o apoio do Clube de Melhor Idade Coroados (CMI Coroados), os participantes ter\u00e3o acesso a t\u00e9cnicas b\u00e1sicas de fotografia com celular, no\u00e7\u00f5es de entrevista e escuta ativa, al\u00e9m de exerc\u00edcios pr\u00e1ticos de escrita para transformar relatos de vida em pequenos contos. \u201c\u00c9 uma oportunidade para quem deseja se aproximar do universo da escrita, da fotografia e, principalmente, das mem\u00f3rias que constroem a identidade da nossa cidade\u201d, explica a idealizadora do projeto, Rafaela Moura, jornalista e escritora.<\/p>\n\n\n\n<p>A participa\u00e7\u00e3o \u00e9 gratuita e as vagas s\u00e3o limitadas. Os interessados podem se inscrever pelo formul\u00e1rio <a href=\"https:\/\/forms.gle\/HXL8qoSvEDBjGHVw8?fbclid=IwZXh0bgNhZW0CMTAAYnJpZBExcWRGT3VhSkJSMTJiY2ZFdQEeIm_6qnNVn5qXChJIrkDVAPeih4fL7x64wDpNhl_6Kx3ijePXERbngYqqftQ_aem_WFKDPNsw9J8nOLDEO3EtIA\" rel=\"noreferrer noopener\" target=\"_blank\">https:\/\/forms.gle\/HXL8qoSvEDBjGHVw8<\/a> at\u00e9 25 de junho.<\/p>\n\n\n\n<p>A atividade integra a contrapartida social do projeto Mem\u00f3rias no Espelho, que produz um livro com retratos e perfis de moradores e moradoras de Guaratuba com mais de 60 anos. No momento em fase de entrevistas com os idosos, a proposta busca preservar a mem\u00f3ria cai\u00e7ara, valorizar as hist\u00f3rias de vida e fortalecer os v\u00ednculos comunit\u00e1rios. Projeto realizado com recursos da Lei Paulo Gustavo no Munic\u00edpio de Guaratuba\/PR, contemplado no Edital Demais Culturas.<\/p>\n\n\n\n<p>Servi\u00e7o<\/p>\n\n\n\n<p>Oficina Mem\u00f3rias Guaratubanas \u2013 Contos e Retratos<\/p>\n\n\n\n<p>Data: 26 de junho (quinta-feira)<\/p>\n\n\n\n<p>Hor\u00e1rio: 15h \u00e0s 17h30<\/p>\n\n\n\n<p>Local: Sal\u00e3o da Igreja Santo Ant\u00f4nio. Rua S\u00e3o Francisco, 95, Coroados<\/p>\n\n\n\n<p>Gratuita e aberta ao p\u00fablico acima de 16 anos, com prefer\u00eancia para pessoas idosas<\/p>\n\n\n\n<p>Mais informa\u00e7\u00f5es pelo Instagram &#8211; @memoriasnoespelho<\/p>\n\n\n\n<p>Prefeitura de Guaratuba<\/p>\n","protected":false},"excerpt":{"rendered":"<p>Guaratuba recebe nesta quinta-feira (26), a oficina gratuita \u201cMem\u00f3rias Guaratubanas \u2013 Contos e Retratos\u201d, uma atividade que convida os participantes a vivenciarem o processo de escuta, registro e valoriza\u00e7\u00e3o das hist\u00f3rias de vida por meio da escrita e da fotografia. A oficina acontece das 15h \u00e0s 17h30, no sal\u00e3o da Igreja Santo Ant\u00f4nio, no Coroados, [&hellip;]<\/p>\n","protected":false},"author":2,"featured_media":69164,"comment_status":"open","ping_status":"open","sticky":false,"template":"","format":"standard","meta":{"advanced_seo_description":"","jetpack_seo_html_title":"","jetpack_seo_noindex":false,"_jetpack_memberships_contains_paid_content":false,"footnotes":""},"categories":[99],"tags":[],"class_list":{"0":"post-69163","1":"post","2":"type-post","3":"status-publish","4":"format-standard","5":"has-post-thumbnail","7":"category-guaratuba"},"jetpack_featured_media_url":"https:\/\/www.paranapraia.com.br\/wp-content\/uploads\/2025\/06\/510966145_1137119575115887_4466813337933303500_n-scaled.jpg","jetpack_sharing_enabled":true,"_links":{"self":[{"href":"https:\/\/www.paranapraia.com.br\/index.php\/wp-json\/wp\/v2\/posts\/69163"}],"collection":[{"href":"https:\/\/www.paranapraia.com.br\/index.php\/wp-json\/wp\/v2\/posts"}],"about":[{"href":"https:\/\/www.paranapraia.com.br\/index.php\/wp-json\/wp\/v2\/types\/post"}],"author":[{"embeddable":true,"href":"https:\/\/www.paranapraia.com.br\/index.php\/wp-json\/wp\/v2\/users\/2"}],"replies":[{"embeddable":true,"href":"https:\/\/www.paranapraia.com.br\/index.php\/wp-json\/wp\/v2\/comments?post=69163"}],"version-history":[{"count":1,"href":"https:\/\/www.paranapraia.com.br\/index.php\/wp-json\/wp\/v2\/posts\/69163\/revisions"}],"predecessor-version":[{"id":69165,"href":"https:\/\/www.paranapraia.com.br\/index.php\/wp-json\/wp\/v2\/posts\/69163\/revisions\/69165"}],"wp:featuredmedia":[{"embeddable":true,"href":"https:\/\/www.paranapraia.com.br\/index.php\/wp-json\/wp\/v2\/media\/69164"}],"wp:attachment":[{"href":"https:\/\/www.paranapraia.com.br\/index.php\/wp-json\/wp\/v2\/media?parent=69163"}],"wp:term":[{"taxonomy":"category","embeddable":true,"href":"https:\/\/www.paranapraia.com.br\/index.php\/wp-json\/wp\/v2\/categories?post=69163"},{"taxonomy":"post_tag","embeddable":true,"href":"https:\/\/www.paranapraia.com.br\/index.php\/wp-json\/wp\/v2\/tags?post=69163"}],"curies":[{"name":"wp","href":"https:\/\/api.w.org\/{rel}","templated":true}]}}