{"id":69160,"date":"2025-06-24T15:53:54","date_gmt":"2025-06-24T18:53:54","guid":{"rendered":"https:\/\/www.paranapraia.com.br\/?p=69160"},"modified":"2025-06-24T15:53:57","modified_gmt":"2025-06-24T18:53:57","slug":"projeto-cegonha-encerra-programacao-de-junho-com-palestra-para-gestantes-na-ubs-do-leblon-em-paranagua","status":"publish","type":"post","link":"https:\/\/www.paranapraia.com.br\/index.php\/2025\/06\/24\/projeto-cegonha-encerra-programacao-de-junho-com-palestra-para-gestantes-na-ubs-do-leblon-em-paranagua\/","title":{"rendered":"Projeto Cegonha encerra programa\u00e7\u00e3o de junho com palestra para gestantes na UBS do Leblon em Paranagu\u00e1"},"content":{"rendered":"\n<p>A Unidade B\u00e1sica de Sa\u00fade (UBS) Ezequiel Luiz Dias do Nascimento, localizada no bairro Leblon, realiza nesta sexta-feira (27), \u00e0s 14h, uma palestra voltada \u00e0s gestantes. A a\u00e7\u00e3o integra o projeto \u201cCegonha: Do ventre ao colo\u201d, promovido pela equipe eMulti (Equipes Multiprofissionais na Aten\u00e7\u00e3o Prim\u00e1ria \u00e0 Sa\u00fade), com o objetivo de fortalecer a promo\u00e7\u00e3o da sa\u00fade e a preven\u00e7\u00e3o de riscos desde o in\u00edcio da vida.<\/p>\n\n\n\n<p>Idealizado por profissionais da rede p\u00fablica de sa\u00fade, o projeto acompanha mulheres desde o planejamento familiar, passando pelo pr\u00e9-natal, parto e p\u00f3s-parto (puerp\u00e9rio), at\u00e9 os dois primeiros anos de vida da crian\u00e7a, dentro do Sistema \u00danico de Sa\u00fade (SUS). Al\u00e9m das gestantes, tamb\u00e9m s\u00e3o acolhidas pu\u00e9rperas, mulheres que desejam engravidar e seus parceiros, com orienta\u00e7\u00f5es e apoio integral.<\/p>\n\n\n\n<p>Ao longo do m\u00eas de junho, o projeto foi levado a outras unidades b\u00e1sicas como a UBS Norberto Costa e UBS Emir Roth, ambas na Ilha dos Valadares. Encerrando a programa\u00e7\u00e3o deste m\u00eas, a palestra no bairro Leblon contar\u00e1 com a participa\u00e7\u00e3o do farmac\u00eautico Murilo Cereda, assessor especial da equipe eMulti, e da assistente social Jucelma de Lima Silva, uma das idealizadoras da iniciativa. Eles apresentar\u00e3o informa\u00e7\u00f5es valiosas para garantir seguran\u00e7a e tranquilidade \u00e0s gestantes durante todo o per\u00edodo gestacional.<\/p>\n\n\n\n<p>Prefeitura de Paranagu\u00e1<\/p>\n","protected":false},"excerpt":{"rendered":"<p>A Unidade B\u00e1sica de Sa\u00fade (UBS) Ezequiel Luiz Dias do Nascimento, localizada no bairro Leblon, realiza nesta sexta-feira (27), \u00e0s 14h, uma palestra voltada \u00e0s gestantes. A a\u00e7\u00e3o integra o projeto \u201cCegonha: Do ventre ao colo\u201d, promovido pela equipe eMulti (Equipes Multiprofissionais na Aten\u00e7\u00e3o Prim\u00e1ria \u00e0 Sa\u00fade), com o objetivo de fortalecer a promo\u00e7\u00e3o da [&hellip;]<\/p>\n","protected":false},"author":2,"featured_media":69161,"comment_status":"open","ping_status":"open","sticky":false,"template":"","format":"standard","meta":{"advanced_seo_description":"","jetpack_seo_html_title":"","jetpack_seo_noindex":false,"_jetpack_memberships_contains_paid_content":false,"footnotes":""},"categories":[77],"tags":[316,319,321],"class_list":{"0":"post-69160","1":"post","2":"type-post","3":"status-publish","4":"format-standard","5":"has-post-thumbnail","7":"category-paranagua","8":"tag-litoral","9":"tag-parana","10":"tag-paranagua"},"jetpack_featured_media_url":"https:\/\/www.paranapraia.com.br\/wp-content\/uploads\/2025\/06\/16558-scaled.jpg","jetpack_sharing_enabled":true,"_links":{"self":[{"href":"https:\/\/www.paranapraia.com.br\/index.php\/wp-json\/wp\/v2\/posts\/69160"}],"collection":[{"href":"https:\/\/www.paranapraia.com.br\/index.php\/wp-json\/wp\/v2\/posts"}],"about":[{"href":"https:\/\/www.paranapraia.com.br\/index.php\/wp-json\/wp\/v2\/types\/post"}],"author":[{"embeddable":true,"href":"https:\/\/www.paranapraia.com.br\/index.php\/wp-json\/wp\/v2\/users\/2"}],"replies":[{"embeddable":true,"href":"https:\/\/www.paranapraia.com.br\/index.php\/wp-json\/wp\/v2\/comments?post=69160"}],"version-history":[{"count":1,"href":"https:\/\/www.paranapraia.com.br\/index.php\/wp-json\/wp\/v2\/posts\/69160\/revisions"}],"predecessor-version":[{"id":69162,"href":"https:\/\/www.paranapraia.com.br\/index.php\/wp-json\/wp\/v2\/posts\/69160\/revisions\/69162"}],"wp:featuredmedia":[{"embeddable":true,"href":"https:\/\/www.paranapraia.com.br\/index.php\/wp-json\/wp\/v2\/media\/69161"}],"wp:attachment":[{"href":"https:\/\/www.paranapraia.com.br\/index.php\/wp-json\/wp\/v2\/media?parent=69160"}],"wp:term":[{"taxonomy":"category","embeddable":true,"href":"https:\/\/www.paranapraia.com.br\/index.php\/wp-json\/wp\/v2\/categories?post=69160"},{"taxonomy":"post_tag","embeddable":true,"href":"https:\/\/www.paranapraia.com.br\/index.php\/wp-json\/wp\/v2\/tags?post=69160"}],"curies":[{"name":"wp","href":"https:\/\/api.w.org\/{rel}","templated":true}]}}