{"id":69141,"date":"2025-06-24T11:46:50","date_gmt":"2025-06-24T14:46:50","guid":{"rendered":"https:\/\/www.paranapraia.com.br\/?p=69141"},"modified":"2025-06-24T11:46:53","modified_gmt":"2025-06-24T14:46:53","slug":"pmpr-inicia-projeto-de-terapia-com-caes-para-criancas-com-transtorno-do-espectro-autista","status":"publish","type":"post","link":"https:\/\/www.paranapraia.com.br\/index.php\/2025\/06\/24\/pmpr-inicia-projeto-de-terapia-com-caes-para-criancas-com-transtorno-do-espectro-autista\/","title":{"rendered":"PMPR inicia projeto de terapia com c\u00e3es para crian\u00e7as com Transtorno do Espectro Autista"},"content":{"rendered":"\n<p>A Companhia de Opera\u00e7\u00f5es com C\u00e3es (CIOC) da Pol\u00edcia Militar do Paran\u00e1 (PMPR) deu in\u00edcio nas \u00faltimas semanas aos treinamentos para a realiza\u00e7\u00e3o de cinoterapia, uma modalidade de Terapia Assistida por Animais voltada ao aux\u00edlio de crian\u00e7as diagnosticadas com o Transtorno do Espectro Autista (TEA). A iniciativa j\u00e1 conta com seu primeiro c\u00e3o, Balu, um filhote de quatro meses da ra\u00e7a Golden Retriever, que passa por um rigoroso processo de forma\u00e7\u00e3o e adapta\u00e7\u00e3o.&nbsp;<\/p>\n\n\n\n<p>O projeto ser\u00e1 implementado em duas fases distintas. Na primeira, a equipe da CIOC, composta pelo policial condutor e o c\u00e3o, se deslocar\u00e1 a cl\u00ednicas e institui\u00e7\u00f5es de ensino especializadas, integrando o animal como uma ferramenta de apoio \u00e0s terapias j\u00e1 em andamento. J\u00e1 na segunda fase, projeta-se a estrutura\u00e7\u00e3o de um espa\u00e7o na pr\u00f3pria sede da companhia para receber as crian\u00e7as e realizar as atividades terap\u00eauticas no local.<\/p>\n\n\n\n<p>O processo de forma\u00e7\u00e3o de Balu \u00e9 um pilar fundamental do projeto. A 1\u00ba tenente Mikaela Esmanhoto detalha as etapas do treinamento. \u201cO Balu est\u00e1 com quatro meses agora, ent\u00e3o est\u00e1 na fase de socializa\u00e7\u00e3o e ambienta\u00e7\u00e3o. Esse \u00e9 o momento em que tentamos apresentar o m\u00e1ximo de est\u00edmulos para ele, para que, ao chegar na fase jovem e adulta, ele n\u00e3o estranhe, n\u00e3o tenha medo e n\u00e3o seja um c\u00e3o reativo\u201d, explica a tenente.<\/p>\n\n\n\n<p>\u201cAt\u00e9 por volta dos 10 meses, ele ficar\u00e1 nessa fase de socializa\u00e7\u00e3o e tamb\u00e9m no adestramento b\u00e1sico, como sentar, deitar, entender comandos, saber que n\u00e3o pode ser reativo, n\u00e3o pode pular, nem morder. Depois desse per\u00edodo, come\u00e7aremos a aplic\u00e1-lo diretamente nas terapias\u201d, complementa.<\/p>\n\n\n\n<p>A concretiza\u00e7\u00e3o da iniciativa foi idealizada pela cabo Curotto e pelo cabo Maickon, cinot\u00e9cnicos da CIOC, com o apoio do capit\u00e3o Marcelo&nbsp;Hoiser, comandante da companhia, e viabilizada por meio de uma parceria estrat\u00e9gica. Ap\u00f3s di\u00e1logos para uma parceria com um canil de Curitiba, a doa\u00e7\u00e3o de Balu foi efetuada. A escolha do filhote foi feita pela pr\u00f3pria Curotto, que identificou nele o perfil ideal para a fun\u00e7\u00e3o.<\/p>\n\n\n\n<p>Escolher o Golden Retriever como c\u00e3o de apoio no projeto de cinoterapia n\u00e3o se baseia em uma exig\u00eancia exclusiva da ra\u00e7a, mas sim em seu amplo reconhecimento internacional pela alta taxa de sucesso nesse tipo de interven\u00e7\u00e3o.<\/p>\n\n\n\n<p>&#8220;H\u00e1 iniciativas ao redor do mundo que demonstram que essa ra\u00e7a apresenta caracter\u00edsticas ideais para terapias assistidas por animais, como temperamento d\u00f3cil, sensibilidade e facilidade de socializa\u00e7\u00e3o. Por isso, a prioriza\u00e7\u00e3o do labrador se d\u00e1 como uma medida de efici\u00eancia na aplica\u00e7\u00e3o dos recursos p\u00fablicos, evitando tentativas com ra\u00e7as que podem n\u00e3o apresentar o mesmo n\u00edvel de resposta comprovada&#8221;, explica Hoiser.<\/p>\n\n\n\n<p>A filosofia do projeto \u00e9 que o c\u00e3o seja um ponto de estabilidade para as crian\u00e7as. \u201cEle tem que mais receber do que oferecer. Ou seja, ele precisa receber o carinho, e n\u00e3o ser ele a pular ou pedir aten\u00e7\u00e3o. \u00c9 necess\u00e1rio ser um ponto de calma\u201d, complementa.<\/p>\n\n\n\n<p>As intera\u00e7\u00f5es de Balu com crian\u00e7as j\u00e1 ocorrem de forma controlada, visando sua adapta\u00e7\u00e3o. A ideia \u00e9 que, at\u00e9 o final do ano ou in\u00edcio do pr\u00f3ximo, ele j\u00e1 esteja pronto para atuar diretamente nas terapias.<\/p>\n\n\n\n<p><strong>EQUOTERAPIA&nbsp;<\/strong>\u2013 Al\u00e9m da cinoterapia, outra iniciativa ganha cada vez mais espa\u00e7o no Paran\u00e1: o&nbsp;<a href=\"https:\/\/www.parana.pr.gov.br\/aen\/Noticia\/Terapia-com-cavalos-da-PMPR-colabora-na-qualidade-de-vida-de-pessoas-com-deficiencia\" target=\"_blank\" rel=\"noreferrer noopener\">Centro de Equoterapia do Regimento de Pol\u00edcia Montada (RPMon)<\/a>, que atua no desenvolvimento biopsicossocial de pessoas com necessidades especiais por meio de sess\u00f5es terap\u00eauticas com cavalos.<\/p>\n\n\n\n<p>A Equoterapia \u00e9 utilizada como complemento a outras terapias em casos como paralisia cerebral, S\u00edndrome de Down, hiperatividade, Transtorno do Espectro Autista, acidente vascular encef\u00e1lico, entre outras condi\u00e7\u00f5es, e tamb\u00e9m atende crian\u00e7as com dificuldades de concentra\u00e7\u00e3o e dist\u00farbios de aprendizagem, estimulando o desenvolvimento motor, cognitivo e emocional.&nbsp;<\/p>\n\n\n\n<p>O atendimento \u00e9 gratuito e conta com acompanhamento de profissionais das \u00e1reas de Educa\u00e7\u00e3o F\u00edsica, Pedagogia, Fisioterapia e Equita\u00e7\u00e3o.&nbsp;O Regimento de Pol\u00edcia Montada Coronel Dulc\u00eddio j\u00e1 atendeu mais de 5 mil pessoas desde a sua cria\u00e7\u00e3o, em 1991.&nbsp;Os interessados devem fazer cadastro pelo n\u00famero de WhatsApp (41) 3315-2771.<\/p>\n\n\n\n<p>AEN\/PR<\/p>\n","protected":false},"excerpt":{"rendered":"<p>A Companhia de Opera\u00e7\u00f5es com C\u00e3es (CIOC) da Pol\u00edcia Militar do Paran\u00e1 (PMPR) deu in\u00edcio nas \u00faltimas semanas aos treinamentos para a realiza\u00e7\u00e3o de cinoterapia, uma modalidade de Terapia Assistida por Animais voltada ao aux\u00edlio de crian\u00e7as diagnosticadas com o Transtorno do Espectro Autista (TEA). A iniciativa j\u00e1 conta com seu primeiro c\u00e3o, Balu, um [&hellip;]<\/p>\n","protected":false},"author":2,"featured_media":69142,"comment_status":"open","ping_status":"open","sticky":false,"template":"","format":"standard","meta":{"advanced_seo_description":"","jetpack_seo_html_title":"","jetpack_seo_noindex":false,"_jetpack_memberships_contains_paid_content":false,"footnotes":""},"categories":[40],"tags":[],"class_list":{"0":"post-69141","1":"post","2":"type-post","3":"status-publish","4":"format-standard","5":"has-post-thumbnail","7":"category-destaques"},"jetpack_featured_media_url":"https:\/\/www.paranapraia.com.br\/wp-content\/uploads\/2025\/06\/whatsapp_image_2025-06-24_at_11.28.25-scaled.jpg","jetpack_sharing_enabled":true,"_links":{"self":[{"href":"https:\/\/www.paranapraia.com.br\/index.php\/wp-json\/wp\/v2\/posts\/69141"}],"collection":[{"href":"https:\/\/www.paranapraia.com.br\/index.php\/wp-json\/wp\/v2\/posts"}],"about":[{"href":"https:\/\/www.paranapraia.com.br\/index.php\/wp-json\/wp\/v2\/types\/post"}],"author":[{"embeddable":true,"href":"https:\/\/www.paranapraia.com.br\/index.php\/wp-json\/wp\/v2\/users\/2"}],"replies":[{"embeddable":true,"href":"https:\/\/www.paranapraia.com.br\/index.php\/wp-json\/wp\/v2\/comments?post=69141"}],"version-history":[{"count":1,"href":"https:\/\/www.paranapraia.com.br\/index.php\/wp-json\/wp\/v2\/posts\/69141\/revisions"}],"predecessor-version":[{"id":69143,"href":"https:\/\/www.paranapraia.com.br\/index.php\/wp-json\/wp\/v2\/posts\/69141\/revisions\/69143"}],"wp:featuredmedia":[{"embeddable":true,"href":"https:\/\/www.paranapraia.com.br\/index.php\/wp-json\/wp\/v2\/media\/69142"}],"wp:attachment":[{"href":"https:\/\/www.paranapraia.com.br\/index.php\/wp-json\/wp\/v2\/media?parent=69141"}],"wp:term":[{"taxonomy":"category","embeddable":true,"href":"https:\/\/www.paranapraia.com.br\/index.php\/wp-json\/wp\/v2\/categories?post=69141"},{"taxonomy":"post_tag","embeddable":true,"href":"https:\/\/www.paranapraia.com.br\/index.php\/wp-json\/wp\/v2\/tags?post=69141"}],"curies":[{"name":"wp","href":"https:\/\/api.w.org\/{rel}","templated":true}]}}