{"id":69138,"date":"2025-06-24T11:38:21","date_gmt":"2025-06-24T14:38:21","guid":{"rendered":"https:\/\/www.paranapraia.com.br\/?p=69138"},"modified":"2025-06-24T11:40:19","modified_gmt":"2025-06-24T14:40:19","slug":"menor-temperatura-do-ano-e-15-estacoes-com-numeros-negativos-terca-feira-tem-recordes-de-frio","status":"publish","type":"post","link":"https:\/\/www.paranapraia.com.br\/index.php\/2025\/06\/24\/menor-temperatura-do-ano-e-15-estacoes-com-numeros-negativos-terca-feira-tem-recordes-de-frio\/","title":{"rendered":"Menor temperatura do ano e 15 esta\u00e7\u00f5es com n\u00fameros negativos: ter\u00e7a-feira tem recordes de frio"},"content":{"rendered":"\n<p>Quinze esta\u00e7\u00f5es do Sistema de Tecnologia e Monitoramento Ambiental do Paran\u00e1 (Simepar) e mais quatro do&nbsp;Instituto Nacional de Meteorologia (INMET) registraram temperaturas negativas no Paran\u00e1 no amanhecer desta ter\u00e7a-feira (24). Das 48 esta\u00e7\u00f5es do Simepar, 43 atingiram a menor temperatura de 2025 at\u00e9 o momento, e em 41 delas a sensa\u00e7\u00e3o t\u00e9rmica foi negativa.&nbsp;<\/p>\n\n\n\n<p>As temperaturas m\u00ednimas come\u00e7aram a aparecer no fim de segunda-feira. Ao inv\u00e9s de serem no amanhecer, foram no \u00faltimo hor\u00e1rio, \u00e0s 23h45. Cruzeiro do Igua\u00e7u (6,4\u00b0C), Foz do Igua\u00e7u (3,2\u00b0C), Laranjeiras do Sul (2\u00b0C), distrito de Horizonte em Palmas (-1,7\u00b0C), Pato Branco (0,9\u00b0C) e Cand\u00f3i (5\u00b0C) chegaram a atingir as menores temperaturas de 2025 at\u00e9 aquele momento.<\/p>\n\n\n\n<p>\u201cCom a chegada de uma massa de ar polar no Sul do Pa\u00eds, entre o final da tarde \u00e0 noite de segunda-feira, as temperaturas apresentaram uma queda brusca em toda a regi\u00e3o Sul durante a madrugada desta ter\u00e7a-feira. No Paran\u00e1, o amanhecer foi gelado em todas as regi\u00f5es, mas o destaque fica para as cidades da metade Sul do Estado\u201d, ressalta Paulo Barbieri, meteorologista do Simepar.<\/p>\n\n\n\n<p>A menor temperatura de todas foi no distrito de Horizonte, em Palmas, que registrou -5,2\u00b0C. Tr\u00eas cidades tiveram a menor temperatura desde a instala\u00e7\u00e3o das esta\u00e7\u00f5es meteorol\u00f3gicas do Simepar no local: Laranjeiras do Sul registrou -2\u00b0C (a mais baixa desde 2018), e Santa Maria do Oeste e Cand\u00f3i, que tiveram as medi\u00e7\u00f5es iniciadas em 2023, registraram -1,6\u00b0C e 2,2\u00b0C, respectivamente. A temperatura m\u00ednima mais alta foi em Paranagu\u00e1, com 10,1\u00b0C.&nbsp;<\/p>\n\n\n\n<p>Todas as esta\u00e7\u00f5es do Simepar, com exce\u00e7\u00e3o de Cambar\u00e1, Cerro Azul, Guaratuba, Guaraque\u00e7aba, e Santo Ant\u00f4nio da Platina, registraram a menor temperatura de 2025 at\u00e9 o momento nesta ter\u00e7a-feira, superando a onda de frio anterior, que ocorreu entre 29 e 30 de maio, e as marcas da noite de segunda-feira.&nbsp;<\/p>\n\n\n\n<p>Em Curitiba, os term\u00f4metros registraram 1,2\u00b0C. A sensa\u00e7\u00e3o t\u00e9rmica na Capital foi de -5,5\u00b0C. Outras cidades tiveram sensa\u00e7\u00e3o t\u00e9rmica muito baixa, como \u00e9 o caso de Cascavel (-8.1\u00b0C), Distrito de Entre Rios, em Guarapuava (-6.9\u00b0C), Fazenda Rio Grande (-5.9\u00b0C), Guarapuava (-6.0\u00b0C), Lapa (-5.3\u00b0C), Laranjeiras do Sul (-6.4\u00b0C), Palmas (-7.6\u00b0C), Distrito de Horizonte, em Palmas (-13.1\u00b0C), Santa Maria do Oeste (-6.9\u00b0C), e Pato Branco (-5\u00b0C).<\/p>\n\n\n\n<p>Nesta ter\u00e7a-feira o sol predomina no Estado, por\u00e9m as temperaturas n\u00e3o devem subir. \u201cJ\u00e1 para a quarta-feira, a presen\u00e7a desta massa de ar polar se mant\u00e9m sobre o estado, mantendo o tempo est\u00e1vel, com o sol predominando, por\u00e9m, devemos ter novamente um amanhecer bastante gelado em todo o estado, com temperaturas negativas sendo registradas em diversos munic\u00edpios, novamente na metade sul do estado\u201d, afirma Barbieri.<\/p>\n\n\n\n<p><strong>SEMANA<\/strong>&nbsp;\u2013 Na quarta h\u00e1 previs\u00e3o de geada forte no Centro-Sul, e Sudoeste (regi\u00f5es de S\u00e3o Mateus do Sul e Uni\u00e3o da Vit\u00f3ria). As temperaturas ainda seguem baixas, com 0\u00b0C na maioria dos munic\u00edpios, mas com registros negativos mais de forma pontual, especialmente nas regi\u00f5es de Pato Branco, Palmas, General Caneiro, Guarapuava, Palotina, Assis Chateaubriand e Cascavel.<\/p>\n\n\n\n<p>Na quinta-feira e na sexta-feira o frio diminui um pouco e o tempo segue inst\u00e1vel, com baixa amplitude t\u00e9rmica, principalmente na metade Sul paranaense. Pode ocorrer chuva a qualquer hora do dia com alguns momentos de melhoria, e muita nebulosidade. Est\u00e3o previstas tempestades localizadas e os maiores acumulados de chuva devem ocorrer no Oeste e Sudoeste do estado. Na faixa Central do estado tamb\u00e9m podem ocorrer acumulados de chuva por volta de 50 mm e nas \u00e1reas de divisa com Santa Catarina, acumulados de 80 mm.&nbsp;<\/p>\n\n\n\n<p>No final de semana, com avan\u00e7o de uma nova frente fria, as temperaturas ser\u00e3o pr\u00f3ximas a 0\u00b0C ou temperaturas negativas novamente, principalmente na metade sul paranaense e no domingo.<\/p>\n\n\n\n<p><strong>ATEN\u00c7\u00c3O&nbsp;<\/strong>\u2013 A popula\u00e7\u00e3o pode encontrar dados mais detalhados da previs\u00e3o do tempo para os 399 munic\u00edpios paranaenses no site www.simepar.br. A previs\u00e3o tem duas atualiza\u00e7\u00f5es di\u00e1rias. Para cada cidade \u00e9 poss\u00edvel saber o quanto deve chover, temperaturas m\u00ednimas e m\u00e1ximas previstas, umidade relativa do ar e vento, com detalhamento por hora para a data e o dia seguinte. Tamb\u00e9m est\u00e1 dispon\u00edvel no site o servi\u00e7o Alerta Geada, em parceria com o IDR-PR, que informa a previs\u00e3o de geadas para 24h, 48h e 72h em todo o estado.&nbsp;<\/p>\n\n\n\n<p>Como o sistema atmosf\u00e9rico tem altera\u00e7\u00f5es constantes, a previs\u00e3o indicada no site pode sofrer altera\u00e7\u00f5es. Por este motivo, \u00e9 recomend\u00e1vel acompanhar a palavra do meteorologista, que est\u00e1 na p\u00e1gina inicial do site do Simepar, e os boletins emitidos diariamente pela equipe de meteorologistas e divulgados nas redes sociais e no canal de WhatsApp do Simepar. Os meteorologistas contextualizam os dados e explicam as altera\u00e7\u00f5es atmosf\u00e9ricas em todas as regi\u00f5es do Paran\u00e1.<\/p>\n\n\n\n<p><strong>CONFIRA A LISTA DE ESTA\u00c7\u00d5ES QUE REGISTRARAM TEMPERATURAS M\u00cdNIMAS NEGATIVAS NESTA TER\u00c7A-FEIRA:<\/strong><\/p>\n\n\n\n<p><strong>ESTA\u00c7\u00d5ES DO SIMEPAR<\/strong><\/p>\n\n\n\n<p>Assis Chateaubriand: -0,6\u00b0C<\/p>\n\n\n\n<p>Campo Mour\u00e3o: -0,7\u00b0C<\/p>\n\n\n\n<p>Cascavel: -2,4\u00b0C<\/p>\n\n\n\n<p>Foz do Igua\u00e7u: -0,6\u00b0C<\/p>\n\n\n\n<p>Francisco Beltr\u00e3o: -1,8\u00b0C<\/p>\n\n\n\n<p>Distrito de Entre Rios, em Guarapuava: -2,8\u00b0C<\/p>\n\n\n\n<p>Irati: -1,1\u00b0C<\/p>\n\n\n\n<p>Lapa: -0,4\u00b0C<\/p>\n\n\n\n<p>Laranjeiras do Sul: -2,0\u00b0C<\/p>\n\n\n\n<p>Distrito de Horizonte, em Palmas: -5,2\u00b0C<\/p>\n\n\n\n<p>Palmas: -3,5\u00b0C<\/p>\n\n\n\n<p>Palotina: -1,1\u00b0C<\/p>\n\n\n\n<p>Pinh\u00e3o: -2,3\u00b0C<\/p>\n\n\n\n<p>Santa Maria do Oeste: -1,6\u00b0C<\/p>\n\n\n\n<p>Toledo: -1,8\u00b0C<\/p>\n\n\n\n<p><strong>ESTA\u00c7\u00d5ES DO INMET<\/strong><\/p>\n\n\n\n<p>General Carneiro: -4,1\u00b0C<\/p>\n\n\n\n<p>S\u00e3o Mateus do Sul: -1,4\u00b0C<\/p>\n\n\n\n<p>Planalto: -0,5\u00b0C<\/p>\n\n\n\n<p>Dois Vizinhos: -0,5\u00b0C<\/p>\n\n\n\n<p>AEN\/PR<\/p>\n","protected":false},"excerpt":{"rendered":"<p>Quinze esta\u00e7\u00f5es do Sistema de Tecnologia e Monitoramento Ambiental do Paran\u00e1 (Simepar) e mais quatro do&nbsp;Instituto Nacional de Meteorologia (INMET) registraram temperaturas negativas no Paran\u00e1 no amanhecer desta ter\u00e7a-feira (24). Das 48 esta\u00e7\u00f5es do Simepar, 43 atingiram a menor temperatura de 2025 at\u00e9 o momento, e em 41 delas a sensa\u00e7\u00e3o t\u00e9rmica foi negativa.&nbsp; As [&hellip;]<\/p>\n","protected":false},"author":2,"featured_media":69139,"comment_status":"open","ping_status":"open","sticky":false,"template":"","format":"standard","meta":{"advanced_seo_description":"","jetpack_seo_html_title":"","jetpack_seo_noindex":false,"_jetpack_memberships_contains_paid_content":false,"footnotes":""},"categories":[84],"tags":[],"class_list":{"0":"post-69138","1":"post","2":"type-post","3":"status-publish","4":"format-standard","5":"has-post-thumbnail","7":"category-clima"},"jetpack_featured_media_url":"https:\/\/www.paranapraia.com.br\/wp-content\/uploads\/2025\/06\/zero_grau_foto_rdziura-4651-scaled.jpg","jetpack_sharing_enabled":true,"_links":{"self":[{"href":"https:\/\/www.paranapraia.com.br\/index.php\/wp-json\/wp\/v2\/posts\/69138"}],"collection":[{"href":"https:\/\/www.paranapraia.com.br\/index.php\/wp-json\/wp\/v2\/posts"}],"about":[{"href":"https:\/\/www.paranapraia.com.br\/index.php\/wp-json\/wp\/v2\/types\/post"}],"author":[{"embeddable":true,"href":"https:\/\/www.paranapraia.com.br\/index.php\/wp-json\/wp\/v2\/users\/2"}],"replies":[{"embeddable":true,"href":"https:\/\/www.paranapraia.com.br\/index.php\/wp-json\/wp\/v2\/comments?post=69138"}],"version-history":[{"count":1,"href":"https:\/\/www.paranapraia.com.br\/index.php\/wp-json\/wp\/v2\/posts\/69138\/revisions"}],"predecessor-version":[{"id":69140,"href":"https:\/\/www.paranapraia.com.br\/index.php\/wp-json\/wp\/v2\/posts\/69138\/revisions\/69140"}],"wp:featuredmedia":[{"embeddable":true,"href":"https:\/\/www.paranapraia.com.br\/index.php\/wp-json\/wp\/v2\/media\/69139"}],"wp:attachment":[{"href":"https:\/\/www.paranapraia.com.br\/index.php\/wp-json\/wp\/v2\/media?parent=69138"}],"wp:term":[{"taxonomy":"category","embeddable":true,"href":"https:\/\/www.paranapraia.com.br\/index.php\/wp-json\/wp\/v2\/categories?post=69138"},{"taxonomy":"post_tag","embeddable":true,"href":"https:\/\/www.paranapraia.com.br\/index.php\/wp-json\/wp\/v2\/tags?post=69138"}],"curies":[{"name":"wp","href":"https:\/\/api.w.org\/{rel}","templated":true}]}}