{"id":69123,"date":"2025-06-24T11:14:31","date_gmt":"2025-06-24T14:14:31","guid":{"rendered":"https:\/\/www.paranapraia.com.br\/?p=69123"},"modified":"2025-06-24T11:14:33","modified_gmt":"2025-06-24T14:14:33","slug":"escola-de-conselhos-do-parana-comeca-atividades-pelo-litoral","status":"publish","type":"post","link":"https:\/\/www.paranapraia.com.br\/index.php\/2025\/06\/24\/escola-de-conselhos-do-parana-comeca-atividades-pelo-litoral\/","title":{"rendered":"Escola de Conselhos do Paran\u00e1 come\u00e7a atividades pelo Litoral"},"content":{"rendered":"\n<p>O prefeito de Guaratuba, Mauricio Lense, e a secret\u00e1ria municipal de Assist\u00eancia Social, Simone Lense, participaram nesta segunda-feira (23) do lan\u00e7amento das atividades da Escola de Conselhos do Paran\u00e1, realizado na UFPR Litoral, em Matinhos. A iniciativa, do Minist\u00e9rio dos Direitos Humanos promove, em parceria com universidades, a forma\u00e7\u00e3o permanente e continuada de conselheiros tutelares, conselheiros dos direitos da crian\u00e7a e do adolescente e demais agentes de prote\u00e7\u00e3o, com o objetivo de fortalecer o Sistema de Garantia de Direitos (SGD) no estado.<\/p>\n\n\n\n<p>Uma das representantes de Guaratuba no projeto \u00e9 a professora Maria Carolina Bittencourt dos Santos, regente do CMEI Pingo de Gente, selecionada como bolsista de p\u00f3s-gradua\u00e7\u00e3o da UFPR. Ela atuar\u00e1 na forma\u00e7\u00e3o de conselheiros e no desenvolvimento de metodologias de capacita\u00e7\u00e3o continuada.<\/p>\n\n\n\n<p>As conselheiras tutelares Daiane Alexandre e Derli de F\u00e1tima Antunes da Silva tamb\u00e9m estiveram presentes na aula inaugural, ministrada pelo procurador de Justi\u00e7a do Minist\u00e9rio P\u00fablico do Paran\u00e1, Murillo Digi\u00e1como, especialista em direitos da crian\u00e7a e do adolescente.<\/p>\n\n\n\n<p>Tamb\u00e9m estiveram na abertura o prefeito de Morretes, J\u00fanior Brindarolli; a diretora do Setor Litoral da UFPR, Vanessa Marion Andreoli; o representante do Paran\u00e1 no F\u00f3rum Colegiado Nacional dos Conselhos Tutelares (FCNCT), Valdomiro Sales Junior; e a coordenadora do projeto da Escola de Conselhos, Dra. Ane B\u00e1rbara Voidelo.<\/p>\n\n\n\n<p>Ap\u00f3s a cerim\u00f4nia, o prefeito Mauricio Lense reuniu-se com o reitor da UFPR, Marcos Sfair Sunye; com o diretor de Desenvolvimento do Interior da universidade, Carlos Eduardo Zacarkim; e com a diretora Vanessa Marion Andreoli para discutir parcerias e futuras a\u00e7\u00f5es conjuntas entre o munic\u00edpio e a institui\u00e7\u00e3o.<\/p>\n\n\n\n<p>Prefeitura de Guaratuba<\/p>\n","protected":false},"excerpt":{"rendered":"<p>O prefeito de Guaratuba, Mauricio Lense, e a secret\u00e1ria municipal de Assist\u00eancia Social, Simone Lense, participaram nesta segunda-feira (23) do lan\u00e7amento das atividades da Escola de Conselhos do Paran\u00e1, realizado na UFPR Litoral, em Matinhos. A iniciativa, do Minist\u00e9rio dos Direitos Humanos promove, em parceria com universidades, a forma\u00e7\u00e3o permanente e continuada de conselheiros tutelares, [&hellip;]<\/p>\n","protected":false},"author":2,"featured_media":69124,"comment_status":"open","ping_status":"open","sticky":false,"template":"","format":"standard","meta":{"advanced_seo_description":"","jetpack_seo_html_title":"","jetpack_seo_noindex":false,"_jetpack_memberships_contains_paid_content":false,"footnotes":""},"categories":[99],"tags":[],"class_list":{"0":"post-69123","1":"post","2":"type-post","3":"status-publish","4":"format-standard","5":"has-post-thumbnail","7":"category-guaratuba"},"jetpack_featured_media_url":"https:\/\/www.paranapraia.com.br\/wp-content\/uploads\/2025\/06\/WhatsApp-Image-2025-06-24-at-11.13.55-scaled.jpeg","jetpack_sharing_enabled":true,"_links":{"self":[{"href":"https:\/\/www.paranapraia.com.br\/index.php\/wp-json\/wp\/v2\/posts\/69123"}],"collection":[{"href":"https:\/\/www.paranapraia.com.br\/index.php\/wp-json\/wp\/v2\/posts"}],"about":[{"href":"https:\/\/www.paranapraia.com.br\/index.php\/wp-json\/wp\/v2\/types\/post"}],"author":[{"embeddable":true,"href":"https:\/\/www.paranapraia.com.br\/index.php\/wp-json\/wp\/v2\/users\/2"}],"replies":[{"embeddable":true,"href":"https:\/\/www.paranapraia.com.br\/index.php\/wp-json\/wp\/v2\/comments?post=69123"}],"version-history":[{"count":1,"href":"https:\/\/www.paranapraia.com.br\/index.php\/wp-json\/wp\/v2\/posts\/69123\/revisions"}],"predecessor-version":[{"id":69125,"href":"https:\/\/www.paranapraia.com.br\/index.php\/wp-json\/wp\/v2\/posts\/69123\/revisions\/69125"}],"wp:featuredmedia":[{"embeddable":true,"href":"https:\/\/www.paranapraia.com.br\/index.php\/wp-json\/wp\/v2\/media\/69124"}],"wp:attachment":[{"href":"https:\/\/www.paranapraia.com.br\/index.php\/wp-json\/wp\/v2\/media?parent=69123"}],"wp:term":[{"taxonomy":"category","embeddable":true,"href":"https:\/\/www.paranapraia.com.br\/index.php\/wp-json\/wp\/v2\/categories?post=69123"},{"taxonomy":"post_tag","embeddable":true,"href":"https:\/\/www.paranapraia.com.br\/index.php\/wp-json\/wp\/v2\/tags?post=69123"}],"curies":[{"name":"wp","href":"https:\/\/api.w.org\/{rel}","templated":true}]}}