{"id":69120,"date":"2025-06-24T11:10:34","date_gmt":"2025-06-24T14:10:34","guid":{"rendered":"https:\/\/www.paranapraia.com.br\/?p=69120"},"modified":"2025-06-24T11:10:37","modified_gmt":"2025-06-24T14:10:37","slug":"sala-do-empreendedor-promove-palestra-para-impulsionar-vendas-de-inverno-em-guaratuba","status":"publish","type":"post","link":"https:\/\/www.paranapraia.com.br\/index.php\/2025\/06\/24\/sala-do-empreendedor-promove-palestra-para-impulsionar-vendas-de-inverno-em-guaratuba\/","title":{"rendered":"Sala do Empreendedor promove palestra para impulsionar vendas de inverno em Guaratuba"},"content":{"rendered":"\n<p>Na quarta-feira (2), a Sala do Empreendedor de Guaratuba realiza mais uma palestra da Trilha do MEI, com o tema \u201cVendas de Inverno\u201d, voltada especialmente para microempreendedores individuais. O evento ser\u00e1 presencial, \u00e0s 18h30, no Audit\u00f3rio da Prefeitura de Guaratuba (Rua Dr. Jo\u00e3o C\u00e2ndido, n\u00ba 380, Centro).<\/p>\n\n\n\n<p>Durante a palestra, os participantes aprender\u00e3o a compreender melhor o mercado, definir estrat\u00e9gias <a><\/a>e elaborar um plano de vendas para alavancar seus neg\u00f3cios durante a esta\u00e7\u00e3o.<\/p>\n\n\n\n<p>As vagas s\u00e3o limitadas. Para garantir sua participa\u00e7\u00e3o, \u00e9 necess\u00e1rio realizar inscri\u00e7\u00e3o antecipada pelo link: <a href=\"https:\/\/forms.gle\/QzVLo4siJYKcPRJX9?fbclid=IwZXh0bgNhZW0CMTAAYnJpZBExSWRRSWVkNW9FN1N4Zk1xVQEe13fsy8jQauBjjd-19ePFQgZI0B9ccB0qtFmkRgLxlbbY0mBi0bURQnruhrY_aem_1VV7yAgsldBfHMioAkvYsg\" rel=\"noreferrer noopener\" target=\"_blank\">https:\/\/forms.gle\/QzVLo4siJYKcPRJX9<\/a><\/p>\n\n\n\n<p>Mais informa\u00e7\u00f5es pelo telefone (41) 3472-8591.<\/p>\n\n\n\n<p>Prefeitura de Guaratuba<\/p>\n","protected":false},"excerpt":{"rendered":"<p>Na quarta-feira (2), a Sala do Empreendedor de Guaratuba realiza mais uma palestra da Trilha do MEI, com o tema \u201cVendas de Inverno\u201d, voltada especialmente para microempreendedores individuais. O evento ser\u00e1 presencial, \u00e0s 18h30, no Audit\u00f3rio da Prefeitura de Guaratuba (Rua Dr. Jo\u00e3o C\u00e2ndido, n\u00ba 380, Centro). Durante a palestra, os participantes aprender\u00e3o a compreender [&hellip;]<\/p>\n","protected":false},"author":2,"featured_media":69121,"comment_status":"open","ping_status":"open","sticky":false,"template":"","format":"standard","meta":{"advanced_seo_description":"","jetpack_seo_html_title":"","jetpack_seo_noindex":false,"_jetpack_memberships_contains_paid_content":false,"footnotes":""},"categories":[99],"tags":[],"class_list":{"0":"post-69120","1":"post","2":"type-post","3":"status-publish","4":"format-standard","5":"has-post-thumbnail","7":"category-guaratuba"},"jetpack_featured_media_url":"https:\/\/www.paranapraia.com.br\/wp-content\/uploads\/2025\/06\/510903717_1137111491783362_6708140770994203434_n-scaled.jpg","jetpack_sharing_enabled":true,"_links":{"self":[{"href":"https:\/\/www.paranapraia.com.br\/index.php\/wp-json\/wp\/v2\/posts\/69120"}],"collection":[{"href":"https:\/\/www.paranapraia.com.br\/index.php\/wp-json\/wp\/v2\/posts"}],"about":[{"href":"https:\/\/www.paranapraia.com.br\/index.php\/wp-json\/wp\/v2\/types\/post"}],"author":[{"embeddable":true,"href":"https:\/\/www.paranapraia.com.br\/index.php\/wp-json\/wp\/v2\/users\/2"}],"replies":[{"embeddable":true,"href":"https:\/\/www.paranapraia.com.br\/index.php\/wp-json\/wp\/v2\/comments?post=69120"}],"version-history":[{"count":1,"href":"https:\/\/www.paranapraia.com.br\/index.php\/wp-json\/wp\/v2\/posts\/69120\/revisions"}],"predecessor-version":[{"id":69122,"href":"https:\/\/www.paranapraia.com.br\/index.php\/wp-json\/wp\/v2\/posts\/69120\/revisions\/69122"}],"wp:featuredmedia":[{"embeddable":true,"href":"https:\/\/www.paranapraia.com.br\/index.php\/wp-json\/wp\/v2\/media\/69121"}],"wp:attachment":[{"href":"https:\/\/www.paranapraia.com.br\/index.php\/wp-json\/wp\/v2\/media?parent=69120"}],"wp:term":[{"taxonomy":"category","embeddable":true,"href":"https:\/\/www.paranapraia.com.br\/index.php\/wp-json\/wp\/v2\/categories?post=69120"},{"taxonomy":"post_tag","embeddable":true,"href":"https:\/\/www.paranapraia.com.br\/index.php\/wp-json\/wp\/v2\/tags?post=69120"}],"curies":[{"name":"wp","href":"https:\/\/api.w.org\/{rel}","templated":true}]}}